{"id":13430,"date":"2022-04-20T12:19:01","date_gmt":"2022-04-20T11:19:01","guid":{"rendered":"https:\/\/icoone.com\/?p=13430"},"modified":"2025-03-17T18:27:26","modified_gmt":"2025-03-17T18:27:26","slug":"cosmoprof-2022-i-tech-industries-sera-present","status":"publish","type":"post","link":"https:\/\/icoone.com\/fr\/cosmoprof-2022-i-tech-industries-sara-presente\/","title":{"rendered":"Bienvenue \u00e0 Cosmoprof... i-Tech Industries sera pr\u00e9sent !"},"content":{"rendered":"<section class=\"wp-block-icoone-row-news-header panel-default\">\r\n<div class=\"main\">\r\n<div class=\"container-fluid\">\r\n<div class=\"row\">\r\n<div class=\"col-sm-12\">\r\n<div class=\"alignment\"><header><hr \/>\r\n<h1 class=\"bh-post-data\" data-field=\"title\"><em style=\"font-size: 16px;\"><em><strong>Nous sommes heureux d'annoncer notre pr\u00e9sence \u00e0 Cosmoprof Worldwide 2022, \u00e0 Bologne, avec deux stands d\u00e9di\u00e9s \u00e0 icoone, b-moove et au nouveau concept i-Boost.<\/strong><\/em><\/em><\/h1>\r\n<hr \/><\/header><\/div>\r\n<\/div>\r\n<\/div>\r\n<\/div>\r\n<\/div>\r\n<figure class=\"visible-xs\"><\/figure>\r\n<\/section>\r\n\r\n\r\n\r\n<div class=\"wp-block-icoone-row-full-text main\">\r\n<section class=\"panel-default\">\r\n<div class=\"container-fluid\">\r\n<div class=\"row w-margin\">\r\n<div class=\"col-sm-12\">\r\n<div class=\"txt\">\r\n<p>Apr\u00e8s deux ans d'\u00e9ditions en ligne,<strong> <a href=\"https:\/\/www.cosmoprof.com\/\">Cosmoprof<\/a><\/strong> l'un des principaux salons professionnels au monde dans le secteur de la beaut\u00e9 et du bien-\u00eatre, est enfin de retour !<br \/>\u00a0<br \/>L'\u00e9v\u00e9nement aura lieu \u00e0 Bologne, en Italie, d<strong>Du 29 avril au 2 mai<\/strong> et <strong>i-Tech Industries sera l'une des entreprises exposantes.<\/strong><br \/>\u00a0<br \/>En effet, notre entreprise sera pr\u00e9sente avec <strong>deux stands principaux :<\/strong> <strong>l'une consacr\u00e9e \u00e0 <a href=\"https:\/\/icoone.com\/fr\/\">icoon<\/a> et b-moove (hall 30, stands B37-A38),<\/strong> les deux technologies qui stimulent la peau de l'ext\u00e9rieur et agissent sur les muscles du corps de l'int\u00e9rieur, et <strong>un salon VIP<\/strong> <strong>(Hall 30, stand B65) consacr\u00e9e \u00e0 <a href=\"https:\/\/www.i-boost.it\/en\/\">i-Boost<\/a>,<\/strong> un concept global unique bas\u00e9 sur un positionnement exclusif, l'innovation technologique et l'orientation client.<br \/><br \/>En r\u00e9servant, les professionnels des instituts de beaut\u00e9 et des spas auront l'opportunit\u00e9 de d\u00e9couvrir comment la combinaison d'icoone et d'icoone Booster am\u00e9liorera \u00e0 la fois leur activit\u00e9 et leur offre de soins... cliquez ici pour r\u00e9server votre d\u00e9mo gratuite : <a href=\"https:\/\/bit.ly\/3E9uYOP\">https:\/\/bit.ly\/3E9uYOP<\/a> \u00a0<br \/>\u00a0<br \/>Cosmoprof sera \u00e9galement l'occasion de communiquer et de diffuser notre <strong>Manifeste #iLoveMe,<\/strong> qui d\u00e9crit et raconte les points essentiels de notre <strong>concept d'amour de soi :<\/strong> \u201cLa beaut\u00e9 est une fa\u00e7on d'\u00eatre plus qu'un st\u00e9r\u00e9otype et une fa\u00e7on d'\u00eatre plus qu'un st\u00e9r\u00e9otype et une fa\u00e7on d'\u00eatre plus qu'une fa\u00e7on d'\u00eatre. <strong>icoon,<\/strong><strong> mettre en valeur votre beaut\u00e9 naturelle,<\/strong> <strong>est l'alli\u00e9 id\u00e9al pour le construire<\/strong>\".<br \/>Non pas en suivant un mod\u00e8le de beaut\u00e9 auquel se conformer, mais en cultivant son propre sens de la beaut\u00e9, unique et personnel.<br \/><br \/><strong>L'amour de soi, du bien-\u00eatre de son propre corps, est un concept qui alimente les recherches qu'icoone m\u00e8ne chaque jour,<\/strong> gr\u00e2ce \u00e0 sa technologie et \u00e0 ses traitements, ce qui se refl\u00e8te dans le travail des centres icoone dans le monde entier.<br \/>\u00a0<br \/>Nous nous r\u00e9jouissons de <strong>enfin rencontrer les clients et les partenaires en personne,<\/strong> pour partager et c\u00e9l\u00e9brer ensemble les r\u00e9alisations de l'ann\u00e9e \u00e9coul\u00e9e.<br \/>\u00a0<br \/>Restez \u00e0 l'\u00e9coute et <strong>suivez-nous sur nos m\u00e9dias sociaux<\/strong> pour rester au courant de l'actualit\u00e9 de Cosmoprof !<\/p>\r\n<\/div>\r\n<\/div>\r\n<\/div>\r\n<\/div>\r\n<\/section>\r\n<\/div>","protected":false},"excerpt":{"rendered":"Nous sommes ravis d'annoncer notre pr\u00e9sence \u00e0 Cosmoprof Worldwide 2022, \u00e0 Bologne, avec deux stands d\u00e9di\u00e9s \u00e0 icoone, b-moove et au nouveau concept i-Boost Apr\u00e8s deux ans de...","protected":false},"author":2,"featured_media":22632,"comment_status":"closed","ping_status":"closed","sticky":false,"template":"","format":"standard","meta":{"content-type":"","footnotes":""},"categories":[8],"tags":[],"class_list":{"0":"post-13430","1":"post","2":"type-post","3":"status-publish","4":"format-standard","5":"has-post-thumbnail","7":"category-notizie"},"yoast_head":"<!-- This site is optimized with the Yoast SEO plugin v27.5 - https:\/\/yoast.com\/product\/yoast-seo-wordpress\/ -->\n<title>Cosmoprof 2022: i-Tech Industries sar\u00e0 presente! | icoone.com<\/title>\n<meta name=\"description\" content=\"Siamo entusiasti di annunciare la nostra presenza al Cosmoprof Worldwide 2022, a Bologna, con due stand dedicati ad icoone, b-moove e il..\" \/>\n<meta name=\"robots\" content=\"index, follow, max-snippet:-1, max-image-preview:large, max-video-preview:-1\" \/>\n<link rel=\"canonical\" href=\"https:\/\/icoone.com\/fr\/cosmoprof-2022-i-tech-industries-sera-present\/\" \/>\n<meta property=\"og:locale\" content=\"fr_FR\" \/>\n<meta property=\"og:type\" content=\"article\" \/>\n<meta property=\"og:title\" content=\"Cosmoprof 2022: i-Tech Industries sar\u00e0 presente! | icoone.com\" \/>\n<meta property=\"og:description\" content=\"Siamo entusiasti di annunciare la nostra presenza al Cosmoprof Worldwide 2022, a Bologna, con due stand dedicati ad icoone, b-moove e il..\" \/>\n<meta property=\"og:url\" content=\"https:\/\/icoone.com\/fr\/cosmoprof-2022-i-tech-industries-sera-present\/\" \/>\n<meta property=\"og:site_name\" content=\"icoone\" \/>\n<meta property=\"article:publisher\" content=\"https:\/\/www.facebook.com\/icooneww\/\" \/>\n<meta property=\"article:published_time\" content=\"2022-04-20T11:19:01+00:00\" \/>\n<meta property=\"article:modified_time\" content=\"2025-03-17T18:27:26+00:00\" \/>\n<meta property=\"og:image\" content=\"https:\/\/icoone.com\/wp-content\/uploads\/2022\/04\/1440x5001.jpg\" \/>\n\t<meta property=\"og:image:width\" content=\"1440\" \/>\n\t<meta property=\"og:image:height\" content=\"500\" \/>\n\t<meta property=\"og:image:type\" content=\"image\/jpeg\" \/>\n<meta name=\"author\" content=\"marketing-export\" \/>\n<meta name=\"twitter:card\" content=\"summary_large_image\" \/>\n<meta name=\"twitter:label1\" content=\"\u00c9crit par\" \/>\n\t<meta name=\"twitter:data1\" content=\"marketing-export\" \/>\n\t<meta name=\"twitter:label2\" content=\"Dur\u00e9e de lecture estim\u00e9e\" \/>\n\t<meta name=\"twitter:data2\" content=\"2 minutes\" \/>\n<script type=\"application\/ld+json\" class=\"yoast-schema-graph\">{\"@context\":\"https:\\\/\\\/schema.org\",\"@graph\":[{\"@type\":\"Article\",\"@id\":\"https:\\\/\\\/icoone.com\\\/cosmoprof-2022-i-tech-industries-sara-presente\\\/#article\",\"isPartOf\":{\"@id\":\"https:\\\/\\\/icoone.com\\\/cosmoprof-2022-i-tech-industries-sara-presente\\\/\"},\"author\":{\"name\":\"marketing-export\",\"@id\":\"https:\\\/\\\/icoone.com\\\/#\\\/schema\\\/person\\\/ef6c9939b169b44bd15781547065e198\"},\"headline\":\"Bentornato Cosmoprof&#8230;i-Tech Industries sar\u00e0 presente!\",\"datePublished\":\"2022-04-20T11:19:01+00:00\",\"dateModified\":\"2025-03-17T18:27:26+00:00\",\"mainEntityOfPage\":{\"@id\":\"https:\\\/\\\/icoone.com\\\/cosmoprof-2022-i-tech-industries-sara-presente\\\/\"},\"wordCount\":332,\"publisher\":{\"@id\":\"https:\\\/\\\/icoone.com\\\/#organization\"},\"image\":{\"@id\":\"https:\\\/\\\/icoone.com\\\/cosmoprof-2022-i-tech-industries-sara-presente\\\/#primaryimage\"},\"thumbnailUrl\":\"https:\\\/\\\/icoone.com\\\/wp-content\\\/uploads\\\/2022\\\/04\\\/1440x5001.jpg\",\"articleSection\":[\"Notizie\"],\"inLanguage\":\"fr-FR\"},{\"@type\":\"WebPage\",\"@id\":\"https:\\\/\\\/icoone.com\\\/cosmoprof-2022-i-tech-industries-sara-presente\\\/\",\"url\":\"https:\\\/\\\/icoone.com\\\/cosmoprof-2022-i-tech-industries-sara-presente\\\/\",\"name\":\"Cosmoprof 2022: i-Tech Industries sar\u00e0 presente! | icoone.com\",\"isPartOf\":{\"@id\":\"https:\\\/\\\/icoone.com\\\/#website\"},\"primaryImageOfPage\":{\"@id\":\"https:\\\/\\\/icoone.com\\\/cosmoprof-2022-i-tech-industries-sara-presente\\\/#primaryimage\"},\"image\":{\"@id\":\"https:\\\/\\\/icoone.com\\\/cosmoprof-2022-i-tech-industries-sara-presente\\\/#primaryimage\"},\"thumbnailUrl\":\"https:\\\/\\\/icoone.com\\\/wp-content\\\/uploads\\\/2022\\\/04\\\/1440x5001.jpg\",\"datePublished\":\"2022-04-20T11:19:01+00:00\",\"dateModified\":\"2025-03-17T18:27:26+00:00\",\"description\":\"Siamo entusiasti di annunciare la nostra presenza al Cosmoprof Worldwide 2022, a Bologna, con due stand dedicati ad icoone, b-moove e il..\",\"breadcrumb\":{\"@id\":\"https:\\\/\\\/icoone.com\\\/cosmoprof-2022-i-tech-industries-sara-presente\\\/#breadcrumb\"},\"inLanguage\":\"fr-FR\",\"potentialAction\":[{\"@type\":\"ReadAction\",\"target\":[\"https:\\\/\\\/icoone.com\\\/cosmoprof-2022-i-tech-industries-sara-presente\\\/\"]}]},{\"@type\":\"ImageObject\",\"inLanguage\":\"fr-FR\",\"@id\":\"https:\\\/\\\/icoone.com\\\/cosmoprof-2022-i-tech-industries-sara-presente\\\/#primaryimage\",\"url\":\"https:\\\/\\\/icoone.com\\\/wp-content\\\/uploads\\\/2022\\\/04\\\/1440x5001.jpg\",\"contentUrl\":\"https:\\\/\\\/icoone.com\\\/wp-content\\\/uploads\\\/2022\\\/04\\\/1440x5001.jpg\",\"width\":1440,\"height\":500},{\"@type\":\"BreadcrumbList\",\"@id\":\"https:\\\/\\\/icoone.com\\\/cosmoprof-2022-i-tech-industries-sara-presente\\\/#breadcrumb\",\"itemListElement\":[{\"@type\":\"ListItem\",\"position\":1,\"name\":\"Home\",\"item\":\"https:\\\/\\\/icoone.com\\\/\"},{\"@type\":\"ListItem\",\"position\":2,\"name\":\"Bentornato Cosmoprof&#8230;i-Tech Industries sar\u00e0 presente!\"}]},{\"@type\":\"WebSite\",\"@id\":\"https:\\\/\\\/icoone.com\\\/#website\",\"url\":\"https:\\\/\\\/icoone.com\\\/\",\"name\":\"icoone\",\"description\":\"\",\"publisher\":{\"@id\":\"https:\\\/\\\/icoone.com\\\/#organization\"},\"potentialAction\":[{\"@type\":\"SearchAction\",\"target\":{\"@type\":\"EntryPoint\",\"urlTemplate\":\"https:\\\/\\\/icoone.com\\\/?s={search_term_string}\"},\"query-input\":{\"@type\":\"PropertyValueSpecification\",\"valueRequired\":true,\"valueName\":\"search_term_string\"}}],\"inLanguage\":\"fr-FR\"},{\"@type\":\"Organization\",\"@id\":\"https:\\\/\\\/icoone.com\\\/#organization\",\"name\":\"icoone\",\"url\":\"https:\\\/\\\/icoone.com\\\/\",\"logo\":{\"@type\":\"ImageObject\",\"inLanguage\":\"fr-FR\",\"@id\":\"https:\\\/\\\/icoone.com\\\/#\\\/schema\\\/logo\\\/image\\\/\",\"url\":\"https:\\\/\\\/icoone.com\\\/wp-content\\\/uploads\\\/2025\\\/01\\\/cropped-logo-icoone-main-2.png\",\"contentUrl\":\"https:\\\/\\\/icoone.com\\\/wp-content\\\/uploads\\\/2025\\\/01\\\/cropped-logo-icoone-main-2.png\",\"width\":512,\"height\":512,\"caption\":\"icoone\"},\"image\":{\"@id\":\"https:\\\/\\\/icoone.com\\\/#\\\/schema\\\/logo\\\/image\\\/\"},\"sameAs\":[\"https:\\\/\\\/www.facebook.com\\\/icooneww\\\/\",\"https:\\\/\\\/www.linkedin.com\\\/company\\\/i-tech-industries-srl\\\/\",\"https:\\\/\\\/www.instagram.com\\\/icoone_ww\\\/\"]},{\"@type\":\"Person\",\"@id\":\"https:\\\/\\\/icoone.com\\\/#\\\/schema\\\/person\\\/ef6c9939b169b44bd15781547065e198\",\"name\":\"marketing-export\",\"image\":{\"@type\":\"ImageObject\",\"inLanguage\":\"fr-FR\",\"@id\":\"https:\\\/\\\/secure.gravatar.com\\\/avatar\\\/fefa0cd4b693c647b3bbed1dc6ccc21a2d91e49e98918a0b35502b30fecfe76f?s=96&d=mm&r=g\",\"url\":\"https:\\\/\\\/secure.gravatar.com\\\/avatar\\\/fefa0cd4b693c647b3bbed1dc6ccc21a2d91e49e98918a0b35502b30fecfe76f?s=96&d=mm&r=g\",\"contentUrl\":\"https:\\\/\\\/secure.gravatar.com\\\/avatar\\\/fefa0cd4b693c647b3bbed1dc6ccc21a2d91e49e98918a0b35502b30fecfe76f?s=96&d=mm&r=g\",\"caption\":\"marketing-export\"},\"url\":\"https:\\\/\\\/icoone.com\\\/fr\\\/author\\\/marketing-export\\\/\"}]}<\/script>\n<!-- \/ Yoast SEO plugin. -->","yoast_head_json":{"title":"Cosmoprof 2022 : i-Tech Industries sera pr\u00e9sent ! | icoone.com","description":"Nous sommes heureux d'annoncer notre pr\u00e9sence \u00e0 Cosmoprof Worldwide 2022, \u00e0 Bologne, avec deux stands d\u00e9di\u00e9s \u00e0 icoone, b-moove et...","robots":{"index":"index","follow":"follow","max-snippet":"max-snippet:-1","max-image-preview":"max-image-preview:large","max-video-preview":"max-video-preview:-1"},"canonical":"https:\/\/icoone.com\/fr\/cosmoprof-2022-i-tech-industries-sera-present\/","og_locale":"fr_FR","og_type":"article","og_title":"Cosmoprof 2022: i-Tech Industries sar\u00e0 presente! | icoone.com","og_description":"Siamo entusiasti di annunciare la nostra presenza al Cosmoprof Worldwide 2022, a Bologna, con due stand dedicati ad icoone, b-moove e il..","og_url":"https:\/\/icoone.com\/fr\/cosmoprof-2022-i-tech-industries-sera-present\/","og_site_name":"icoone","article_publisher":"https:\/\/www.facebook.com\/icooneww\/","article_published_time":"2022-04-20T11:19:01+00:00","article_modified_time":"2025-03-17T18:27:26+00:00","og_image":[{"width":1440,"height":500,"url":"https:\/\/icoone.com\/wp-content\/uploads\/2022\/04\/1440x5001.jpg","type":"image\/jpeg"}],"author":"marketing-export","twitter_card":"summary_large_image","twitter_misc":{"\u00c9crit par":"marketing-export","Dur\u00e9e de lecture estim\u00e9e":"2 minutes"},"schema":{"@context":"https:\/\/schema.org","@graph":[{"@type":"Article","@id":"https:\/\/icoone.com\/cosmoprof-2022-i-tech-industries-sara-presente\/#article","isPartOf":{"@id":"https:\/\/icoone.com\/cosmoprof-2022-i-tech-industries-sara-presente\/"},"author":{"name":"marketing-export","@id":"https:\/\/icoone.com\/#\/schema\/person\/ef6c9939b169b44bd15781547065e198"},"headline":"Bentornato Cosmoprof&#8230;i-Tech Industries sar\u00e0 presente!","datePublished":"2022-04-20T11:19:01+00:00","dateModified":"2025-03-17T18:27:26+00:00","mainEntityOfPage":{"@id":"https:\/\/icoone.com\/cosmoprof-2022-i-tech-industries-sara-presente\/"},"wordCount":332,"publisher":{"@id":"https:\/\/icoone.com\/#organization"},"image":{"@id":"https:\/\/icoone.com\/cosmoprof-2022-i-tech-industries-sara-presente\/#primaryimage"},"thumbnailUrl":"https:\/\/icoone.com\/wp-content\/uploads\/2022\/04\/1440x5001.jpg","articleSection":["Notizie"],"inLanguage":"fr-FR"},{"@type":"WebPage","@id":"https:\/\/icoone.com\/cosmoprof-2022-i-tech-industries-sara-presente\/","url":"https:\/\/icoone.com\/cosmoprof-2022-i-tech-industries-sara-presente\/","name":"Cosmoprof 2022 : i-Tech Industries sera pr\u00e9sent ! | icoone.com","isPartOf":{"@id":"https:\/\/icoone.com\/#website"},"primaryImageOfPage":{"@id":"https:\/\/icoone.com\/cosmoprof-2022-i-tech-industries-sara-presente\/#primaryimage"},"image":{"@id":"https:\/\/icoone.com\/cosmoprof-2022-i-tech-industries-sara-presente\/#primaryimage"},"thumbnailUrl":"https:\/\/icoone.com\/wp-content\/uploads\/2022\/04\/1440x5001.jpg","datePublished":"2022-04-20T11:19:01+00:00","dateModified":"2025-03-17T18:27:26+00:00","description":"Nous sommes heureux d'annoncer notre pr\u00e9sence \u00e0 Cosmoprof Worldwide 2022, \u00e0 Bologne, avec deux stands d\u00e9di\u00e9s \u00e0 icoone, b-moove et...","breadcrumb":{"@id":"https:\/\/icoone.com\/cosmoprof-2022-i-tech-industries-sara-presente\/#breadcrumb"},"inLanguage":"fr-FR","potentialAction":[{"@type":"ReadAction","target":["https:\/\/icoone.com\/cosmoprof-2022-i-tech-industries-sara-presente\/"]}]},{"@type":"ImageObject","inLanguage":"fr-FR","@id":"https:\/\/icoone.com\/cosmoprof-2022-i-tech-industries-sara-presente\/#primaryimage","url":"https:\/\/icoone.com\/wp-content\/uploads\/2022\/04\/1440x5001.jpg","contentUrl":"https:\/\/icoone.com\/wp-content\/uploads\/2022\/04\/1440x5001.jpg","width":1440,"height":500},{"@type":"BreadcrumbList","@id":"https:\/\/icoone.com\/cosmoprof-2022-i-tech-industries-sara-presente\/#breadcrumb","itemListElement":[{"@type":"ListItem","position":1,"name":"Home","item":"https:\/\/icoone.com\/"},{"@type":"ListItem","position":2,"name":"Bentornato Cosmoprof&#8230;i-Tech Industries sar\u00e0 presente!"}]},{"@type":"WebSite","@id":"https:\/\/icoone.com\/#website","url":"https:\/\/icoone.com\/","name":"icoon","description":"","publisher":{"@id":"https:\/\/icoone.com\/#organization"},"potentialAction":[{"@type":"SearchAction","target":{"@type":"EntryPoint","urlTemplate":"https:\/\/icoone.com\/?s={search_term_string}"},"query-input":{"@type":"PropertyValueSpecification","valueRequired":true,"valueName":"search_term_string"}}],"inLanguage":"fr-FR"},{"@type":"Organization","@id":"https:\/\/icoone.com\/#organization","name":"icoon","url":"https:\/\/icoone.com\/","logo":{"@type":"ImageObject","inLanguage":"fr-FR","@id":"https:\/\/icoone.com\/#\/schema\/logo\/image\/","url":"https:\/\/icoone.com\/wp-content\/uploads\/2025\/01\/cropped-logo-icoone-main-2.png","contentUrl":"https:\/\/icoone.com\/wp-content\/uploads\/2025\/01\/cropped-logo-icoone-main-2.png","width":512,"height":512,"caption":"icoone"},"image":{"@id":"https:\/\/icoone.com\/#\/schema\/logo\/image\/"},"sameAs":["https:\/\/www.facebook.com\/icooneww\/","https:\/\/www.linkedin.com\/company\/i-tech-industries-srl\/","https:\/\/www.instagram.com\/icoone_ww\/"]},{"@type":"Person","@id":"https:\/\/icoone.com\/#\/schema\/person\/ef6c9939b169b44bd15781547065e198","name":"marketing-export","image":{"@type":"ImageObject","inLanguage":"fr-FR","@id":"https:\/\/secure.gravatar.com\/avatar\/fefa0cd4b693c647b3bbed1dc6ccc21a2d91e49e98918a0b35502b30fecfe76f?s=96&d=mm&r=g","url":"https:\/\/secure.gravatar.com\/avatar\/fefa0cd4b693c647b3bbed1dc6ccc21a2d91e49e98918a0b35502b30fecfe76f?s=96&d=mm&r=g","contentUrl":"https:\/\/secure.gravatar.com\/avatar\/fefa0cd4b693c647b3bbed1dc6ccc21a2d91e49e98918a0b35502b30fecfe76f?s=96&d=mm&r=g","caption":"marketing-export"},"url":"https:\/\/icoone.com\/fr\/author\/marketing-export\/"}]}},"_links":{"self":[{"href":"https:\/\/icoone.com\/fr\/wp-json\/wp\/v2\/posts\/13430","targetHints":{"allow":["GET"]}}],"collection":[{"href":"https:\/\/icoone.com\/fr\/wp-json\/wp\/v2\/posts"}],"about":[{"href":"https:\/\/icoone.com\/fr\/wp-json\/wp\/v2\/types\/post"}],"author":[{"embeddable":true,"href":"https:\/\/icoone.com\/fr\/wp-json\/wp\/v2\/users\/2"}],"replies":[{"embeddable":true,"href":"https:\/\/icoone.com\/fr\/wp-json\/wp\/v2\/comments?post=13430"}],"version-history":[{"count":1,"href":"https:\/\/icoone.com\/fr\/wp-json\/wp\/v2\/posts\/13430\/revisions"}],"predecessor-version":[{"id":22633,"href":"https:\/\/icoone.com\/fr\/wp-json\/wp\/v2\/posts\/13430\/revisions\/22633"}],"wp:featuredmedia":[{"embeddable":true,"href":"https:\/\/icoone.com\/fr\/wp-json\/wp\/v2\/media\/22632"}],"wp:attachment":[{"href":"https:\/\/icoone.com\/fr\/wp-json\/wp\/v2\/media?parent=13430"}],"wp:term":[{"taxonomy":"category","embeddable":true,"href":"https:\/\/icoone.com\/fr\/wp-json\/wp\/v2\/categories?post=13430"},{"taxonomy":"post_tag","embeddable":true,"href":"https:\/\/icoone.com\/fr\/wp-json\/wp\/v2\/tags?post=13430"}],"curies":[{"name":"wp","href":"https:\/\/api.w.org\/{rel}","templated":true}]}}