{
    "id": 10487,
    "date": "2021-08-02T17:00:00",
    "date_gmt": "2021-08-02T16:00:00",
    "guid": {
        "rendered": "https:\/\/icoone.com\/?p=10487"
    },
    "modified": "2025-03-17T18:36:50",
    "modified_gmt": "2025-03-17T18:36:50",
    "slug": "il-viaggio-attraverso-la-materia-vivente-con-il-dr-jean-claude-guimberteau-e-tornato",
    "status": "publish",
    "type": "post",
    "link": "https:\/\/icoone.com\/it\/il-viaggio-attraverso-la-materia-vivente-con-il-dr-jean-claude-guimberteau-e-tornato\/",
    "title": {
        "rendered": "Il viaggio attraverso la materia vivente con il Dr. Jean Claude Guimberteau \u00e8 tornato!"
    },
    "content": {
        "rendered": "<section class=\"wp-block-icoone-row-news-header panel-default\">\r\n<div class=\"main\">\r\n<div class=\"container-fluid\">\r\n<div class=\"row\">\r\n<div class=\"col-sm-12\">\r\n<div class=\"alignment\"><header><hr \/><\/header><time class=\"bh-post-data\" datetime=\"\" data-field=\"post-date\"><\/time>\r\n<div class=\"txt\">\r\n<p><strong>Scopri come la tecnologia Roboderm\u00ae pu\u00f2 migliorare il recupero del tessuto connettivo<\/strong><\/p>\r\n<hr \/><\/div>\r\n<\/div>\r\n<\/div>\r\n<\/div>\r\n<\/div>\r\n<\/div>\r\n<figure class=\"visible-sm visible-md visible-lg\"><\/figure>\r\n<figure class=\"visible-xs\"><\/figure>\r\n<\/section>\r\n\r\n\r\n\r\n<div class=\"wp-block-icoone-row-full-text main\">\r\n<section class=\"panel-default\">\r\n<div class=\"container-fluid\">\r\n<div class=\"row w-margin\">\r\n<div class=\"col-sm-12\">\r\n<div class=\"txt\">\r\n<p>Questo mese avremo il piacere di ricondurvi nel viaggio attraverso il tessuto cutaneo per evidenziare l&#8217;efficacia di icoone grazie all&#8217;esclusiva tecnologia Roboderm\u00ae.<br \/>Infatti, la conoscenza sulla materia umana vivente \u00e8 stata ampiamente migliorata grazie alle esplorazioni endoscopiche intratissulari.<br \/>Viene quindi proposto un nuovo concetto basato su un&#8217;architettura multifibrillare in grado di rispondere ad una stimolazione meccanica.<br \/>\u00a0<br \/>Ma qual \u00e8 il comportamento di questa struttura fibrillare quando \u00e8 coinvolta in processi di invecchiamento, obesit\u00e0 e tensioni cutanee? \u00a0Questa architettura \u00e8 in grado di ripristinarsi?<br \/>Al momento, le terapie di stimolazione meccanica sono una delle migliori opzioni per migliorare il recupero delle strutture sottocutanee e cutanee e per diminuire la retrazione e la rigidit\u00e0 dei tessuti.<br \/>\u00a0<br \/><strong>L&#8217;innovativo brevetto Roboderm<\/strong>\u00ae tratta gli inestetismi e le imperfezioni della pelle stimolando il tessuto connettivo in modo efficace e profondo.<br \/>\u00a0<br \/><strong>SAVE THE DATE: marted\u00ec 14 settembre, 15:00 \u2013 16:00 (CET).<\/strong><br \/>L&#8217;evento <strong>\u201cHow can we explain aging, obesity and skin tensions through the organization of living matter?\u201d <\/strong>sar\u00e0 condotto in lingua inglese da <strong>Luca Gualdrini,<\/strong> <em>Direttore Generale di i-Tech Industries<\/em> e <strong>Maria Angela Paladino <\/strong>&#8211; <em>Responsabile del Dipartimento Scientifico i-Tech Industries<\/em> insieme al <strong>Dr. Jean Claude Guimberteau<\/strong> &#8211; <em>MD, chirurgo plastico, specializzato in chirurgia della mano e microchirurgia di reimpianto, membro dell&#8217;Accademia francese di chirurgia.<\/em><br \/><em>\u00a0<\/em><br \/>Se sei un professionista della medicina estetica o sei semplicemente desideroso di saperne di pi\u00f9 su questi argomenti scientifici, non perdere l&#8217;occasione di partecipare a questa esperienza unica, anche perch\u00e9 questa volta il nostro evento non verr\u00e0 registrato!<br \/>\u00a0<br \/>\u00a0<br \/>Clicca qui per la registrazione gratuita:<br \/><a href=\"https:\/\/www.crowdcast.io\/e\/dr_guimberteau_organization_of_living_matter\">https:\/\/www.crowdcast.io\/e\/dr_guimberteau_organization_of_living_matter<\/a><br \/>\u00a0<br \/>L&#8217;evento sar\u00e0 trasmesso in diretta anche sulla nostra pagina Facebook @icooneww.<\/p>\r\n<\/div>\r\n<\/div>\r\n<\/div>\r\n<\/div>\r\n<\/section>\r\n<\/div>",
        "protected": false
    },
    "excerpt": {
        "rendered": "Scopri come la tecnologia Roboderm\u00ae pu\u00f2 migliorare il recupero del tessuto connettivo Questo mese avremo il piacere di ricondurvi nel viaggio attraverso il tessuto cutaneo per evidenziare l'efficacia di icoone...",
        "protected": false
    },
    "author": 2,
    "featured_media": 22673,
    "comment_status": "closed",
    "ping_status": "closed",
    "sticky": false,
    "template": "",
    "format": "standard",
    "meta": {
        "content-type": "",
        "footnotes": ""
    },
    "categories": [
        8
    ],
    "tags": [],
    "class_list": {
        "0": "post-10487",
        "1": "post",
        "2": "type-post",
        "3": "status-publish",
        "4": "format-standard",
        "5": "has-post-thumbnail",
        "7": "category-notizie"
    },
    "yoast_head": "<!-- This site is optimized with the Yoast SEO plugin v27.5 - https:\/\/yoast.com\/product\/yoast-seo-wordpress\/ -->\n<title>Il viaggio attraverso la materia vivente con il Dr. Jean Claude Guimberteau \u00e8 tornato! - icoone<\/title>\n<meta name=\"robots\" content=\"index, follow, max-snippet:-1, max-image-preview:large, max-video-preview:-1\" \/>\n<link rel=\"canonical\" href=\"https:\/\/icoone.com\/it\/il-viaggio-attraverso-la-materia-vivente-con-il-dr-jean-claude-guimberteau-e-tornato\/\" \/>\n<meta property=\"og:locale\" content=\"it_IT\" \/>\n<meta property=\"og:type\" content=\"article\" \/>\n<meta property=\"og:title\" content=\"Il viaggio attraverso la materia vivente con il Dr. Jean Claude Guimberteau \u00e8 tornato! - icoone\" \/>\n<meta property=\"og:url\" content=\"https:\/\/icoone.com\/it\/il-viaggio-attraverso-la-materia-vivente-con-il-dr-jean-claude-guimberteau-e-tornato\/\" \/>\n<meta property=\"og:site_name\" content=\"icoone\" \/>\n<meta property=\"article:publisher\" content=\"https:\/\/www.facebook.com\/icooneww\/\" \/>\n<meta property=\"article:published_time\" content=\"2021-08-02T16:00:00+00:00\" \/>\n<meta property=\"article:modified_time\" content=\"2025-03-17T18:36:50+00:00\" \/>\n<meta property=\"og:image\" content=\"https:\/\/icoone.com\/wp-content\/uploads\/2021\/08\/Talk-Desktop-image-1440x500-1.jpg\" \/>\n\t<meta property=\"og:image:width\" content=\"1440\" \/>\n\t<meta property=\"og:image:height\" content=\"500\" \/>\n\t<meta property=\"og:image:type\" content=\"image\/jpeg\" \/>\n<meta name=\"author\" content=\"marketing-export\" \/>\n<meta name=\"twitter:card\" content=\"summary_large_image\" \/>\n<meta name=\"twitter:label1\" content=\"Scritto da\" \/>\n\t<meta name=\"twitter:data1\" content=\"marketing-export\" \/>\n\t<meta name=\"twitter:label2\" content=\"Tempo di lettura stimato\" \/>\n\t<meta name=\"twitter:data2\" content=\"2 minuti\" \/>\n<script type=\"application\/ld+json\" class=\"yoast-schema-graph\">{\"@context\":\"https:\\\/\\\/schema.org\",\"@graph\":[{\"@type\":\"Article\",\"@id\":\"https:\\\/\\\/icoone.com\\\/il-viaggio-attraverso-la-materia-vivente-con-il-dr-jean-claude-guimberteau-e-tornato\\\/#article\",\"isPartOf\":{\"@id\":\"https:\\\/\\\/icoone.com\\\/il-viaggio-attraverso-la-materia-vivente-con-il-dr-jean-claude-guimberteau-e-tornato\\\/\"},\"author\":{\"name\":\"marketing-export\",\"@id\":\"https:\\\/\\\/icoone.com\\\/#\\\/schema\\\/person\\\/ef6c9939b169b44bd15781547065e198\"},\"headline\":\"Il viaggio attraverso la materia vivente con il Dr. Jean Claude Guimberteau \u00e8 tornato!\",\"datePublished\":\"2021-08-02T16:00:00+00:00\",\"dateModified\":\"2025-03-17T18:36:50+00:00\",\"mainEntityOfPage\":{\"@id\":\"https:\\\/\\\/icoone.com\\\/il-viaggio-attraverso-la-materia-vivente-con-il-dr-jean-claude-guimberteau-e-tornato\\\/\"},\"wordCount\":299,\"publisher\":{\"@id\":\"https:\\\/\\\/icoone.com\\\/#organization\"},\"image\":{\"@id\":\"https:\\\/\\\/icoone.com\\\/il-viaggio-attraverso-la-materia-vivente-con-il-dr-jean-claude-guimberteau-e-tornato\\\/#primaryimage\"},\"thumbnailUrl\":\"https:\\\/\\\/icoone.com\\\/wp-content\\\/uploads\\\/2021\\\/08\\\/Talk-Desktop-image-1440x500-1.jpg\",\"articleSection\":[\"Notizie\"],\"inLanguage\":\"it-IT\"},{\"@type\":\"WebPage\",\"@id\":\"https:\\\/\\\/icoone.com\\\/il-viaggio-attraverso-la-materia-vivente-con-il-dr-jean-claude-guimberteau-e-tornato\\\/\",\"url\":\"https:\\\/\\\/icoone.com\\\/il-viaggio-attraverso-la-materia-vivente-con-il-dr-jean-claude-guimberteau-e-tornato\\\/\",\"name\":\"Il viaggio attraverso la materia vivente con il Dr. Jean Claude Guimberteau \u00e8 tornato! - icoone\",\"isPartOf\":{\"@id\":\"https:\\\/\\\/icoone.com\\\/#website\"},\"primaryImageOfPage\":{\"@id\":\"https:\\\/\\\/icoone.com\\\/il-viaggio-attraverso-la-materia-vivente-con-il-dr-jean-claude-guimberteau-e-tornato\\\/#primaryimage\"},\"image\":{\"@id\":\"https:\\\/\\\/icoone.com\\\/il-viaggio-attraverso-la-materia-vivente-con-il-dr-jean-claude-guimberteau-e-tornato\\\/#primaryimage\"},\"thumbnailUrl\":\"https:\\\/\\\/icoone.com\\\/wp-content\\\/uploads\\\/2021\\\/08\\\/Talk-Desktop-image-1440x500-1.jpg\",\"datePublished\":\"2021-08-02T16:00:00+00:00\",\"dateModified\":\"2025-03-17T18:36:50+00:00\",\"breadcrumb\":{\"@id\":\"https:\\\/\\\/icoone.com\\\/il-viaggio-attraverso-la-materia-vivente-con-il-dr-jean-claude-guimberteau-e-tornato\\\/#breadcrumb\"},\"inLanguage\":\"it-IT\",\"potentialAction\":[{\"@type\":\"ReadAction\",\"target\":[\"https:\\\/\\\/icoone.com\\\/il-viaggio-attraverso-la-materia-vivente-con-il-dr-jean-claude-guimberteau-e-tornato\\\/\"]}]},{\"@type\":\"ImageObject\",\"inLanguage\":\"it-IT\",\"@id\":\"https:\\\/\\\/icoone.com\\\/il-viaggio-attraverso-la-materia-vivente-con-il-dr-jean-claude-guimberteau-e-tornato\\\/#primaryimage\",\"url\":\"https:\\\/\\\/icoone.com\\\/wp-content\\\/uploads\\\/2021\\\/08\\\/Talk-Desktop-image-1440x500-1.jpg\",\"contentUrl\":\"https:\\\/\\\/icoone.com\\\/wp-content\\\/uploads\\\/2021\\\/08\\\/Talk-Desktop-image-1440x500-1.jpg\",\"width\":1440,\"height\":500},{\"@type\":\"BreadcrumbList\",\"@id\":\"https:\\\/\\\/icoone.com\\\/il-viaggio-attraverso-la-materia-vivente-con-il-dr-jean-claude-guimberteau-e-tornato\\\/#breadcrumb\",\"itemListElement\":[{\"@type\":\"ListItem\",\"position\":1,\"name\":\"Home\",\"item\":\"https:\\\/\\\/icoone.com\\\/\"},{\"@type\":\"ListItem\",\"position\":2,\"name\":\"Il viaggio attraverso la materia vivente con il Dr. Jean Claude Guimberteau \u00e8 tornato!\"}]},{\"@type\":\"WebSite\",\"@id\":\"https:\\\/\\\/icoone.com\\\/#website\",\"url\":\"https:\\\/\\\/icoone.com\\\/\",\"name\":\"icoone\",\"description\":\"\",\"publisher\":{\"@id\":\"https:\\\/\\\/icoone.com\\\/#organization\"},\"potentialAction\":[{\"@type\":\"SearchAction\",\"target\":{\"@type\":\"EntryPoint\",\"urlTemplate\":\"https:\\\/\\\/icoone.com\\\/?s={search_term_string}\"},\"query-input\":{\"@type\":\"PropertyValueSpecification\",\"valueRequired\":true,\"valueName\":\"search_term_string\"}}],\"inLanguage\":\"it-IT\"},{\"@type\":\"Organization\",\"@id\":\"https:\\\/\\\/icoone.com\\\/#organization\",\"name\":\"icoone\",\"url\":\"https:\\\/\\\/icoone.com\\\/\",\"logo\":{\"@type\":\"ImageObject\",\"inLanguage\":\"it-IT\",\"@id\":\"https:\\\/\\\/icoone.com\\\/#\\\/schema\\\/logo\\\/image\\\/\",\"url\":\"https:\\\/\\\/icoone.com\\\/wp-content\\\/uploads\\\/2025\\\/01\\\/cropped-logo-icoone-main-2.png\",\"contentUrl\":\"https:\\\/\\\/icoone.com\\\/wp-content\\\/uploads\\\/2025\\\/01\\\/cropped-logo-icoone-main-2.png\",\"width\":512,\"height\":512,\"caption\":\"icoone\"},\"image\":{\"@id\":\"https:\\\/\\\/icoone.com\\\/#\\\/schema\\\/logo\\\/image\\\/\"},\"sameAs\":[\"https:\\\/\\\/www.facebook.com\\\/icooneww\\\/\",\"https:\\\/\\\/www.linkedin.com\\\/company\\\/i-tech-industries-srl\\\/\",\"https:\\\/\\\/www.instagram.com\\\/icoone_ww\\\/\"]},{\"@type\":\"Person\",\"@id\":\"https:\\\/\\\/icoone.com\\\/#\\\/schema\\\/person\\\/ef6c9939b169b44bd15781547065e198\",\"name\":\"marketing-export\",\"image\":{\"@type\":\"ImageObject\",\"inLanguage\":\"it-IT\",\"@id\":\"https:\\\/\\\/secure.gravatar.com\\\/avatar\\\/fefa0cd4b693c647b3bbed1dc6ccc21a2d91e49e98918a0b35502b30fecfe76f?s=96&d=mm&r=g\",\"url\":\"https:\\\/\\\/secure.gravatar.com\\\/avatar\\\/fefa0cd4b693c647b3bbed1dc6ccc21a2d91e49e98918a0b35502b30fecfe76f?s=96&d=mm&r=g\",\"contentUrl\":\"https:\\\/\\\/secure.gravatar.com\\\/avatar\\\/fefa0cd4b693c647b3bbed1dc6ccc21a2d91e49e98918a0b35502b30fecfe76f?s=96&d=mm&r=g\",\"caption\":\"marketing-export\"},\"url\":\"https:\\\/\\\/icoone.com\\\/it\\\/author\\\/marketing-export\\\/\"}]}<\/script>\n<!-- \/ Yoast SEO plugin. -->",
    "yoast_head_json": {
        "title": "Il viaggio attraverso la materia vivente con il Dr. Jean Claude Guimberteau \u00e8 tornato! - icoone",
        "robots": {
            "index": "index",
            "follow": "follow",
            "max-snippet": "max-snippet:-1",
            "max-image-preview": "max-image-preview:large",
            "max-video-preview": "max-video-preview:-1"
        },
        "canonical": "https:\/\/icoone.com\/it\/il-viaggio-attraverso-la-materia-vivente-con-il-dr-jean-claude-guimberteau-e-tornato\/",
        "og_locale": "it_IT",
        "og_type": "article",
        "og_title": "Il viaggio attraverso la materia vivente con il Dr. Jean Claude Guimberteau \u00e8 tornato! - icoone",
        "og_url": "https:\/\/icoone.com\/it\/il-viaggio-attraverso-la-materia-vivente-con-il-dr-jean-claude-guimberteau-e-tornato\/",
        "og_site_name": "icoone",
        "article_publisher": "https:\/\/www.facebook.com\/icooneww\/",
        "article_published_time": "2021-08-02T16:00:00+00:00",
        "article_modified_time": "2025-03-17T18:36:50+00:00",
        "og_image": [
            {
                "width": 1440,
                "height": 500,
                "url": "https:\/\/icoone.com\/wp-content\/uploads\/2021\/08\/Talk-Desktop-image-1440x500-1.jpg",
                "type": "image\/jpeg"
            }
        ],
        "author": "marketing-export",
        "twitter_card": "summary_large_image",
        "twitter_misc": {
            "Scritto da": "marketing-export",
            "Tempo di lettura stimato": "2 minuti"
        },
        "schema": {
            "@context": "https:\/\/schema.org",
            "@graph": [
                {
                    "@type": "Article",
                    "@id": "https:\/\/icoone.com\/il-viaggio-attraverso-la-materia-vivente-con-il-dr-jean-claude-guimberteau-e-tornato\/#article",
                    "isPartOf": {
                        "@id": "https:\/\/icoone.com\/il-viaggio-attraverso-la-materia-vivente-con-il-dr-jean-claude-guimberteau-e-tornato\/"
                    },
                    "author": {
                        "name": "marketing-export",
                        "@id": "https:\/\/icoone.com\/#\/schema\/person\/ef6c9939b169b44bd15781547065e198"
                    },
                    "headline": "Il viaggio attraverso la materia vivente con il Dr. Jean Claude Guimberteau \u00e8 tornato!",
                    "datePublished": "2021-08-02T16:00:00+00:00",
                    "dateModified": "2025-03-17T18:36:50+00:00",
                    "mainEntityOfPage": {
                        "@id": "https:\/\/icoone.com\/il-viaggio-attraverso-la-materia-vivente-con-il-dr-jean-claude-guimberteau-e-tornato\/"
                    },
                    "wordCount": 299,
                    "publisher": {
                        "@id": "https:\/\/icoone.com\/#organization"
                    },
                    "image": {
                        "@id": "https:\/\/icoone.com\/il-viaggio-attraverso-la-materia-vivente-con-il-dr-jean-claude-guimberteau-e-tornato\/#primaryimage"
                    },
                    "thumbnailUrl": "https:\/\/icoone.com\/wp-content\/uploads\/2021\/08\/Talk-Desktop-image-1440x500-1.jpg",
                    "articleSection": [
                        "Notizie"
                    ],
                    "inLanguage": "it-IT"
                },
                {
                    "@type": "WebPage",
                    "@id": "https:\/\/icoone.com\/il-viaggio-attraverso-la-materia-vivente-con-il-dr-jean-claude-guimberteau-e-tornato\/",
                    "url": "https:\/\/icoone.com\/il-viaggio-attraverso-la-materia-vivente-con-il-dr-jean-claude-guimberteau-e-tornato\/",
                    "name": "Il viaggio attraverso la materia vivente con il Dr. Jean Claude Guimberteau \u00e8 tornato! - icoone",
                    "isPartOf": {
                        "@id": "https:\/\/icoone.com\/#website"
                    },
                    "primaryImageOfPage": {
                        "@id": "https:\/\/icoone.com\/il-viaggio-attraverso-la-materia-vivente-con-il-dr-jean-claude-guimberteau-e-tornato\/#primaryimage"
                    },
                    "image": {
                        "@id": "https:\/\/icoone.com\/il-viaggio-attraverso-la-materia-vivente-con-il-dr-jean-claude-guimberteau-e-tornato\/#primaryimage"
                    },
                    "thumbnailUrl": "https:\/\/icoone.com\/wp-content\/uploads\/2021\/08\/Talk-Desktop-image-1440x500-1.jpg",
                    "datePublished": "2021-08-02T16:00:00+00:00",
                    "dateModified": "2025-03-17T18:36:50+00:00",
                    "breadcrumb": {
                        "@id": "https:\/\/icoone.com\/il-viaggio-attraverso-la-materia-vivente-con-il-dr-jean-claude-guimberteau-e-tornato\/#breadcrumb"
                    },
                    "inLanguage": "it-IT",
                    "potentialAction": [
                        {
                            "@type": "ReadAction",
                            "target": [
                                "https:\/\/icoone.com\/il-viaggio-attraverso-la-materia-vivente-con-il-dr-jean-claude-guimberteau-e-tornato\/"
                            ]
                        }
                    ]
                },
                {
                    "@type": "ImageObject",
                    "inLanguage": "it-IT",
                    "@id": "https:\/\/icoone.com\/il-viaggio-attraverso-la-materia-vivente-con-il-dr-jean-claude-guimberteau-e-tornato\/#primaryimage",
                    "url": "https:\/\/icoone.com\/wp-content\/uploads\/2021\/08\/Talk-Desktop-image-1440x500-1.jpg",
                    "contentUrl": "https:\/\/icoone.com\/wp-content\/uploads\/2021\/08\/Talk-Desktop-image-1440x500-1.jpg",
                    "width": 1440,
                    "height": 500
                },
                {
                    "@type": "BreadcrumbList",
                    "@id": "https:\/\/icoone.com\/il-viaggio-attraverso-la-materia-vivente-con-il-dr-jean-claude-guimberteau-e-tornato\/#breadcrumb",
                    "itemListElement": [
                        {
                            "@type": "ListItem",
                            "position": 1,
                            "name": "Home",
                            "item": "https:\/\/icoone.com\/"
                        },
                        {
                            "@type": "ListItem",
                            "position": 2,
                            "name": "Il viaggio attraverso la materia vivente con il Dr. Jean Claude Guimberteau \u00e8 tornato!"
                        }
                    ]
                },
                {
                    "@type": "WebSite",
                    "@id": "https:\/\/icoone.com\/#website",
                    "url": "https:\/\/icoone.com\/",
                    "name": "icoone",
                    "description": "",
                    "publisher": {
                        "@id": "https:\/\/icoone.com\/#organization"
                    },
                    "potentialAction": [
                        {
                            "@type": "SearchAction",
                            "target": {
                                "@type": "EntryPoint",
                                "urlTemplate": "https:\/\/icoone.com\/?s={search_term_string}"
                            },
                            "query-input": {
                                "@type": "PropertyValueSpecification",
                                "valueRequired": true,
                                "valueName": "search_term_string"
                            }
                        }
                    ],
                    "inLanguage": "it-IT"
                },
                {
                    "@type": "Organization",
                    "@id": "https:\/\/icoone.com\/#organization",
                    "name": "icoone",
                    "url": "https:\/\/icoone.com\/",
                    "logo": {
                        "@type": "ImageObject",
                        "inLanguage": "it-IT",
                        "@id": "https:\/\/icoone.com\/#\/schema\/logo\/image\/",
                        "url": "https:\/\/icoone.com\/wp-content\/uploads\/2025\/01\/cropped-logo-icoone-main-2.png",
                        "contentUrl": "https:\/\/icoone.com\/wp-content\/uploads\/2025\/01\/cropped-logo-icoone-main-2.png",
                        "width": 512,
                        "height": 512,
                        "caption": "icoone"
                    },
                    "image": {
                        "@id": "https:\/\/icoone.com\/#\/schema\/logo\/image\/"
                    },
                    "sameAs": [
                        "https:\/\/www.facebook.com\/icooneww\/",
                        "https:\/\/www.linkedin.com\/company\/i-tech-industries-srl\/",
                        "https:\/\/www.instagram.com\/icoone_ww\/"
                    ]
                },
                {
                    "@type": "Person",
                    "@id": "https:\/\/icoone.com\/#\/schema\/person\/ef6c9939b169b44bd15781547065e198",
                    "name": "marketing-export",
                    "image": {
                        "@type": "ImageObject",
                        "inLanguage": "it-IT",
                        "@id": "https:\/\/secure.gravatar.com\/avatar\/fefa0cd4b693c647b3bbed1dc6ccc21a2d91e49e98918a0b35502b30fecfe76f?s=96&d=mm&r=g",
                        "url": "https:\/\/secure.gravatar.com\/avatar\/fefa0cd4b693c647b3bbed1dc6ccc21a2d91e49e98918a0b35502b30fecfe76f?s=96&d=mm&r=g",
                        "contentUrl": "https:\/\/secure.gravatar.com\/avatar\/fefa0cd4b693c647b3bbed1dc6ccc21a2d91e49e98918a0b35502b30fecfe76f?s=96&d=mm&r=g",
                        "caption": "marketing-export"
                    },
                    "url": "https:\/\/icoone.com\/it\/author\/marketing-export\/"
                }
            ]
        }
    },
    "_links": {
        "self": [
            {
                "href": "https:\/\/icoone.com\/it\/wp-json\/wp\/v2\/posts\/10487",
                "targetHints": {
                    "allow": [
                        "GET"
                    ]
                }
            }
        ],
        "collection": [
            {
                "href": "https:\/\/icoone.com\/it\/wp-json\/wp\/v2\/posts"
            }
        ],
        "about": [
            {
                "href": "https:\/\/icoone.com\/it\/wp-json\/wp\/v2\/types\/post"
            }
        ],
        "author": [
            {
                "embeddable": true,
                "href": "https:\/\/icoone.com\/it\/wp-json\/wp\/v2\/users\/2"
            }
        ],
        "replies": [
            {
                "embeddable": true,
                "href": "https:\/\/icoone.com\/it\/wp-json\/wp\/v2\/comments?post=10487"
            }
        ],
        "version-history": [
            {
                "count": 2,
                "href": "https:\/\/icoone.com\/it\/wp-json\/wp\/v2\/posts\/10487\/revisions"
            }
        ],
        "predecessor-version": [
            {
                "id": 22674,
                "href": "https:\/\/icoone.com\/it\/wp-json\/wp\/v2\/posts\/10487\/revisions\/22674"
            }
        ],
        "wp:featuredmedia": [
            {
                "embeddable": true,
                "href": "https:\/\/icoone.com\/it\/wp-json\/wp\/v2\/media\/22673"
            }
        ],
        "wp:attachment": [
            {
                "href": "https:\/\/icoone.com\/it\/wp-json\/wp\/v2\/media?parent=10487"
            }
        ],
        "wp:term": [
            {
                "taxonomy": "category",
                "embeddable": true,
                "href": "https:\/\/icoone.com\/it\/wp-json\/wp\/v2\/categories?post=10487"
            },
            {
                "taxonomy": "post_tag",
                "embeddable": true,
                "href": "https:\/\/icoone.com\/it\/wp-json\/wp\/v2\/tags?post=10487"
            }
        ],
        "curies": [
            {
                "name": "wp",
                "href": "https:\/\/api.w.org\/{rel}",
                "templated": true
            }
        ]
    }
}