{"id":20188,"date":"2023-10-31T12:08:02","date_gmt":"2023-10-31T11:08:02","guid":{"rendered":"https:\/\/weberia.it\/icoone-old\/?p=20188"},"modified":"2025-05-21T15:48:16","modified_gmt":"2025-05-21T15:48:16","slug":"tablica-ogloszen-i-tech-exclusive-magazyn-korporacyjny-wrzesien-pazdziernik","status":"publish","type":"post","link":"https:\/\/icoone.com\/pl\/bulletin-board-i-tech-exclusive-corporate-magazine-september-october\/","title":{"rendered":"Bulletin Board - ekskluzywny magazyn korporacyjny i-Tech"},"content":{"rendered":"<section class=\"wp-block-icoone-row-news-header panel-default\">\r\n<div class=\"main\">\r\n<div class=\"container-fluid\">\r\n<div class=\"row\">\r\n<div class=\"col-sm-12\">\r\n<div class=\"alignment\"><header>\r\n<h1 class=\"bh-post-data\" data-field=\"title\"><span style=\"font-size: 16px;\">Nasz nowy ekskluzywny magazyn korporacyjny powraca! Dzi\u0119ki naszej tablicy og\u0142osze\u0144 odkryjesz<\/span><strong style=\"font-size: 16px;\"> kamienie milowe, kt\u00f3re osi\u0105gn\u0119li\u015bmy, najnowsze wiadomo\u015bci i trwaj\u0105ce projekty<\/strong><span style=\"font-size: 16px;\"> pochodz\u0105cych z ca\u0142ego \u015bwiata<\/span><\/h1>\r\n<\/header><\/div>\r\n<\/div>\r\n<\/div>\r\n<\/div>\r\n<\/div>\r\n<figure class=\"visible-xs\"><\/figure>\r\n<\/section>\r\n\r\n\r\n\r\n<div class=\"wp-block-icoone-row-full-text main\">\r\n<section class=\"panel-default\">\r\n<div class=\"container-fluid\">\r\n<div class=\"row w-margin\">\r\n<div class=\"col-sm-12\">\r\n<div class=\"txt\">\r\n<h3><strong><strong>icoone Journey powraca!<\/strong><\/strong><\/h3>\r\n<p>Wrzesie\u0144 i pa\u017adziernik by\u0142y dla icoone miesi\u0105cami niezwyk\u0142ych wydarze\u0144, w kt\u00f3rych marka odbi\u0142a si\u0119 szerokim echem w r\u00f3\u017cnych stanach. icoone, znana z innowacyjnych urz\u0105dze\u0144 wellness i beauty, zaj\u0119\u0142a centralne miejsce na wielu g\u0142o\u015bnych wydarzeniach, prezentuj\u0105c swoj\u0105 najnowocze\u015bniejsz\u0105 technologi\u0119.<br \/><br \/><strong><u>Spa China Wellness Summit - od 13 do 15 wrze\u015bnia <\/u><\/strong><br \/><br \/>Szesnasta doroczna edycja Spa China Wellness Summit, kt\u00f3ra odby\u0142a si\u0119 w The Ritz-Carlton w Harbinie, okaza\u0142a si\u0119 wa\u017cnym momentem wymiany do\u015bwiadcze\u0144, nauki, uznania i afirmacji dla i-Tech i icoone. Szczyt zgromadzi\u0142 profesjonalist\u00f3w spa, w\u0142a\u015bcicieli spa, inwestor\u00f3w oraz marki produkt\u00f3w i sprz\u0119tu spa, tworz\u0105c atmosfer\u0119 doskona\u0142o\u015bci. <br \/><br \/>Podczas wydarzenia profesor JEAN CLAUDE GUIMBERTEAU przedstawi\u0142 swoje wizjonerskie spojrzenie na sk\u00f3r\u0119 w przem\u00f3wieniu zatytu\u0142owanym \"\ud835\udc75\ud835\udc86\ud835\udc98 \ud835\udc7a\ud835\udc8c\ud835\udc8c\ud835\udc8a\ud835\udc8f \ud835\udc7a\ud835\udc95\ud835\udc93\ud835\udc96\ud835\udc84\ud835\udc95\ud835\udc96\ud835\udc93\ud835\udc86 \ud835\udc6a\ud835\udc90\ud835\udc8f\ud835\udc84\ud835\udc86\ud835\udc91\ud835\udc95 \ud835\udc87\ud835\udc90\ud835\udc93 \ud835\udc74\ud835\udc90\ud835\udc93\ud835\udc86 \ud835\udc6c\ud835\udc87\ud835\udc87\ud835\udc8a\ud835\udc84\ud835\udc8a\ud835\udc86\ud835\udc8f\ud835\udc95 \ud835\udc7b\ud835\udc93\ud835\udc86\ud835\udc82\ud835\udc95\ud835\udc8e\ud835\udc86\ud835\udc8f\ud835\udc95 \ud835\udc7a\ud835\udc90\ud835\udc8d\ud835\udc96\ud835\udc95\ud835\udc8a\ud835\udc90\ud835\udc8f\ud835\udc94\". Jego wyk\u0142ad po\u0142o\u017cy\u0142 naukowe podwaliny pod zrozumienie organizacji i architektury tkanki \u0142\u0105cznej, a nast\u0119pnie podkre\u015bli\u0142 korzy\u015bci p\u0142yn\u0105ce z leczenia icoone i mikrostymulacji.<br \/><br \/>Ponadto nasza technologia zosta\u0142a nagrodzona drugi rok z rz\u0119du \"Najlepszym sprz\u0119tem roku\" podczas ceremonii wr\u0119czenia nagr\u00f3d Spa.<br \/>Udzia\u0142 icoone w tym cenionym wydarzeniu wzmacnia jego globalny wp\u0142yw i zaanga\u017cowanie w ustanawianie nowych standard\u00f3w doskona\u0142o\u015bci w bran\u017cy spa i wellness.<br \/><br \/>Jeste\u015bmy dumni z rozszerzenia naszej obecno\u015bci w bran\u017cy wellness i spa, gdzie w ostatnich miesi\u0105cach kultowe obiekty, takie jak\u00a0<a href=\"https:\/\/www.linkedin.com\/company\/%E5%93%88%E5%B0%94%E6%BB%A8%E5%AF%8C%E5%8A%9B%E4%B8%BD%E6%80%9D%E5%8D%A1%E5%B0%94%E9%A1%BF%E9%85%92%E5%BA%97\/\">The Ritz-Carlton, Harbin<\/a>\u00a0The St. Regis QingDao,\u00a0<a href=\"https:\/\/www.linkedin.com\/company\/w-hotels\/\">Hotele W<\/a>\u00a0M Beauty Spa, oraz\u00a0<a href=\"https:\/\/www.linkedin.com\/company\/four-seasons-hotels-and-resorts\/\">Four Seasons Hotels and Resorts<\/a>\u00a0wszyscy do\u0142\u0105czyli do nas.<\/p>\r\n<\/div>\r\n<\/div>\r\n<\/div>\r\n<\/div>\r\n<\/section>\r\n<\/div>\r\n\r\n\r\n\r\n<div class=\"wp-block-columns is-layout-flex wp-container-core-columns-is-layout-9d6595d7 wp-block-columns-is-layout-flex\">\r\n<div class=\"wp-block-column is-layout-flow wp-block-column-is-layout-flow\">\r\n<figure class=\"wp-block-image aligncenter size-large is-resized\"><img loading=\"lazy\" decoding=\"async\" class=\"wp-image-20195\" src=\"https:\/\/weberia.it\/icoone-old\/wp-content\/uploads\/2023\/10\/IMG-20230914-WA0005-1024x682.jpg\" alt=\"\" width=\"355\" height=\"236\" \/><\/figure>\r\n<\/div>\r\n\r\n\r\n\r\n<div class=\"wp-block-column is-layout-flow wp-block-column-is-layout-flow\">\r\n<figure class=\"wp-block-image aligncenter size-large is-resized\"><img loading=\"lazy\" decoding=\"async\" class=\"wp-image-20205\" src=\"https:\/\/weberia.it\/icoone-old\/wp-content\/uploads\/2023\/10\/11247970-1024x683.jpg\" alt=\"\" width=\"347\" height=\"232\" \/><\/figure>\r\n<\/div>\r\n<\/div>\r\n\r\n\r\n\r\n<div class=\"wp-block-icoone-row-full-text main\">\r\n<section class=\"panel-default\">\r\n<div class=\"container-fluid\">\r\n<div class=\"row w-margin\">\r\n<div class=\"col-sm-12\">\r\n<div class=\"txt\">\r\n<p><strong><u>Ticino Event z CDP Swiss - The View Hotel, Lugano - 22 wrze\u015bnia:<\/u><\/strong><br \/><br \/>W Ticino, wraz z naszym dystrybutorem CDP Swiss, icoone zorganizowa\u0142 ekskluzywne wydarzenie w The View Hotel w Lugano pod koniec wrze\u015bnia. To prywatne spotkanie by\u0142o przeznaczone dla kierownik\u00f3w o\u015brodk\u00f3w, klinik i specjalist\u00f3w medycznych. Mieli oni wyj\u0105tkow\u0105 okazj\u0119 do przetestowania skuteczno\u015bci urz\u0105dze\u0144 icoone. <br \/><br \/>Wydarzenie to jeszcze bardziej podkre\u015bli\u0142o zaanga\u017cowanie icoone w dostarczanie profesjonalistom narz\u0119dzi, kt\u00f3rych potrzebuj\u0105, aby zapewni\u0107 swoim klientom wyj\u0105tkowe wyniki.<br \/><br \/>To, co naprawd\u0119 do nich przem\u00f3wi\u0142o, to wyj\u0105tkowy komfort korzystania z ko\u0144c\u00f3wek podczas zabiegu i natychmiastowe rezultaty osi\u0105gni\u0119te po zaledwie 20-minutowym zabiegu na twarz.<\/p>\r\n<\/div>\r\n<\/div>\r\n<\/div>\r\n<\/div>\r\n<\/section>\r\n<\/div>\r\n\r\n\r\n\r\n<figure class=\"wp-block-image aligncenter size-large is-resized is-style-default\"><img loading=\"lazy\" decoding=\"async\" class=\"wp-image-20210\" src=\"https:\/\/weberia.it\/icoone-old\/wp-content\/uploads\/2023\/10\/20230922_171908-1024x462.jpg\" alt=\"\" width=\"512\" height=\"231\" \/><\/figure>\r\n\r\n\r\n\r\n<div class=\"wp-block-icoone-row-full-text main\">\r\n<section class=\"panel-default\">\r\n<div class=\"container-fluid\">\r\n<div class=\"row w-margin\">\r\n<div class=\"col-sm-12\">\r\n<div class=\"txt\">\r\n<p><strong><u>Targi Estetika, Bruksela - od 7 do 9 pa\u017adziernika<\/u><\/strong><br \/><br \/>Od 7 do 9 pa\u017adziernika icoone, we wsp\u00f3\u0142pracy z naszym partnerem Senitas, by\u0142o obecne na targach Estetika w Brukseli. <br \/><br \/>Wydarzenie to jest istotn\u0105 platform\u0105 dla profesjonalist\u00f3w i entuzjast\u00f3w bran\u017cy estetycznej i wellness. Odwiedzaj\u0105cy mieli okazj\u0119 zapozna\u0107 si\u0119 z najnowszymi osi\u0105gni\u0119ciami i rozwi\u0105zaniami icoone, wzmacniaj\u0105c status urz\u0105dzenia jako zaufanego i cenionego partnera w tej dziedzinie.<br \/><br \/>W i-Tech cieszymy si\u0119, \u017ce mogli\u015bmy uczestniczy\u0107 w tym wydarzeniu wraz z naszym cenionym partnerem Senitas. <br \/><br \/>By\u0142a to niesamowita okazja do zdobycia nowych perspektyw, nawi\u0105zania kontaktu z tymi, kt\u00f3rzy ju\u017c znaj\u0105 i kochaj\u0105 icoone, a tak\u017ce przedstawienia naszej innowacji nowym twarzom.<\/p>\r\n<\/div>\r\n<\/div>\r\n<\/div>\r\n<\/div>\r\n<\/section>\r\n<\/div>\r\n\r\n\r\n\r\n<div class=\"wp-block-icoone-row-full-text main\">\r\n<section class=\"panel-default\">\r\n<div class=\"container-fluid\">\r\n<div class=\"row w-margin\">\r\n<div class=\"col-sm-12\">\r\n<div class=\"txt\">\r\n<p><strong><u>Bulgari Hotels &amp; Resorts, Londyn - 20 pa\u017adziernika:<\/u><\/strong><br \/><br \/>W pi\u0105tek, 20 pa\u017adziernika, icoone znalaz\u0142o si\u0119 w centrum uwagi w presti\u017cowym Bulgari Hotels &amp; Resorts w Londynie. <br \/><br \/>Wydarzenie, we wsp\u00f3\u0142pracy z naszym partnerem COSMOPRO UK, by\u0142o \u015bwi\u0119tem pi\u0119kna, dobrego samopoczucia i post\u0119pu technologicznego. Go\u015bcie mieli okazj\u0119 zapozna\u0107 si\u0119 z najnowocze\u015bniejszymi urz\u0105dzeniami icoone i na w\u0142asne oczy przekona\u0107 si\u0119 o niezwyk\u0142ych rezultatach, jakie oferuj\u0105.<br \/><br \/>Andrea Cevenini, kierownik ds. szkole\u0144 w i-Tech Industries srl, mia\u0142 okazj\u0119 zademonstrowa\u0107 imponuj\u0105ce mo\u017cliwo\u015bci icoone w leczeniu blizn i oparze\u0144, wspomaganiu rekonwalescencji po zabiegach chirurgicznych i szeregu innych zastosowa\u0144.<br \/><br \/>Podczas swojej prezentacji Andrea podkre\u015bli\u0142 niezwyk\u0142\u0105 skuteczno\u015b\u0107 technologii icoone w leczeniu obrz\u0119ku limfatycznego, niewydolno\u015bci \u017cylnej, pooperacyjnej regeneracji uk\u0142adu limfatycznego i kr\u0105\u017cenia.<br \/><br \/>Wydarzenia te podkre\u015blaj\u0105 globalny wp\u0142yw icoone i jej ci\u0105g\u0142e zaanga\u017cowanie w oferowanie najnowocze\u015bniejszych rozwi\u0105za\u0144 w dziedzinie urody i dobrego samopoczucia.<br \/><br \/><strong>W \u015bwiecie, w kt\u00f3rym pi\u0119kno i dobre samopoczucie s\u0105 najwa\u017cniejsze, icoone nadal znajduje si\u0119 w czo\u0142\u00f3wce, kszta\u0142tuj\u0105c przysz\u0142o\u015b\u0107 bran\u017cy i inspiruj\u0105c profesjonalist\u00f3w do osi\u0105gania nowych szczyt\u00f3w.<\/strong><\/p>\r\n<\/div>\r\n<\/div>\r\n<\/div>\r\n<\/div>\r\n<\/section>\r\n<\/div>\r\n\r\n\r\n\r\n<figure class=\"wp-block-image aligncenter size-large is-resized\"><img loading=\"lazy\" decoding=\"async\" class=\"wp-image-20215\" src=\"https:\/\/weberia.it\/icoone-old\/wp-content\/uploads\/2023\/10\/Bulgari-Hotel-London_Launch-Event-37-1024x462.jpg\" alt=\"\" width=\"512\" height=\"231\" \/><\/figure>\r\n\r\n\r\n<hr class=\"wp-block-separator has-alpha-channel-opacity is-style-dots\" \/>\r\n\r\n\r\n<div class=\"wp-block-icoone-row-full-text main\">\r\n<section class=\"panel-default\">\r\n<div class=\"container-fluid\">\r\n<div class=\"row w-margin\">\r\n<div class=\"col-sm-12\">\r\n<div class=\"txt\">\r\n<h3><strong><strong>Roboderm i mikrostymulacja w Tajlandii, Chorwacji i Korei do\u0142\u0105czaj\u0105 do rodziny icoone<\/strong><\/strong><\/h3>\r\n<p>icoone kontynuuje szybk\u0105 globaln\u0105 ekspansj\u0119, otwieraj\u0105c nowe rynki w Tajlandii, Chorwacji i Korei.<br \/><br \/>Te trzy kraje do\u0142\u0105czaj\u0105 do rosn\u0105cej rodziny pa\u0144stw korzystaj\u0105cych z najnowocze\u015bniejszej technologii icoone.<br \/><br \/>Jednym z kamieni milowych w tej ekspansji by\u0142a niedawna wizyta lokalnych zespo\u0142\u00f3w z Tajlandii, Chorwacji i Korei w siedzibie firmy w Bolonii we W\u0142oszech. Podczas pobytu zespo\u0142y uczestniczy\u0142y w specjalistycznych szkoleniach z zakresu marketingu, sprzeda\u017cy i obs\u0142ugi posprzeda\u017cowej. <br \/><br \/>Ta bezpo\u015brednia wsp\u00f3\u0142praca z zespo\u0142em i-Tech Industries pozwoli\u0142a na jasne wyznaczenie cel\u00f3w i dostosowanie strategii, aby zapewni\u0107 d\u0142ugoterminowy sukces na swoich rynkach.<br \/><br \/>Otwarcie tych nowych kraj\u00f3w nie tylko wzmacnia pozycj\u0119 icoone jako lidera w bran\u017cy, ale tak\u017ce pokazuje, jak po\u017c\u0105dana jest technologia Roboderm w skali globalnej. Nasze urz\u0105dzenia oferuj\u0105 zaawansowane rozwi\u0105zania w zakresie odnowy biologicznej i urody, a entuzjazm wykazywany przez klient\u00f3w na ca\u0142ym \u015bwiecie nadal podkre\u015bla skuteczno\u015b\u0107 i innowacyjno\u015b\u0107 tej technologii.<br \/>\u00a0<br \/>Otwarcie tych nowych rynk\u00f3w jest namacalnym znakiem sukcesu icoone i rosn\u0105cego popytu. Nie mo\u017cemy si\u0119 doczeka\u0107, aby osi\u0105gn\u0105\u0107 niesamowite wyniki razem z naszymi nowymi partnerami!<\/p>\r\n<\/div>\r\n<\/div>\r\n<\/div>\r\n<\/div>\r\n<\/section>\r\n<\/div>\r\n\r\n\r\n<hr class=\"wp-block-separator has-alpha-channel-opacity is-style-dots\" \/>\r\n\r\n\r\n<div class=\"wp-block-icoone-row-full-text main\">\r\n<section class=\"panel-default\">\r\n<div class=\"container-fluid\">\r\n<div class=\"row w-margin\">\r\n<div class=\"col-sm-12\">\r\n<div class=\"txt\">\r\n<h3><strong><strong>Nowy wygl\u0105d strony Znajd\u017a centrum<\/strong><\/strong><\/h3>\r\n<p>Ka\u017cdego dnia staramy si\u0119 ulepsza\u0107 nie tylko nasz\u0105 komunikacj\u0119 offline, ale tak\u017ce nasz\u0105 obecno\u015b\u0107 online, aby u\u0142atwi\u0107 wszystkim dost\u0119p do tre\u015bci icoone. W ostatnich miesi\u0105cach skupili\u015bmy si\u0119 w szczeg\u00f3lno\u015bci na naszej stronie internetowej, d\u0105\u017c\u0105c do poprawy komfortu u\u017cytkowania i u\u0142atwienia naszym klientom znalezienia najbli\u017cszych o\u015brodk\u00f3w.<br \/><br \/>Z tych wysi\u0142k\u00f3w narodzi\u0142 si\u0119 nowy interfejs u\u017cytkownika dla naszej funkcji \"Znajd\u017a centrum\". Jest on teraz prostszy i bardziej przyjazny dla u\u017cytkownika, prezentuj\u0105c wszystkie centra Icoone na ca\u0142ym \u015bwiecie.<br \/><br \/>Wpisuj\u0105c miasto lub kod pocztowy, mo\u017cna \u0142atwo znale\u017a\u0107 najbli\u017csze centrum, kt\u00f3re odpowiada Twoim potrzebom. <br \/><br \/>Odkryj go teraz, klikaj\u0105c ten link:<a href=\"https:\/\/weberia.it\/icoone-old\/find-a-center\/\">https:\/\/weberia.it\/icoone-old\/find-a-center\/<\/a><\/p>\r\n<\/div>\r\n<\/div>\r\n<\/div>\r\n<\/div>\r\n<\/section>\r\n<\/div>\r\n\r\n\r\n\r\n<figure class=\"wp-block-image aligncenter size-large is-resized\"><img loading=\"lazy\" decoding=\"async\" class=\"wp-image-20220\" src=\"https:\/\/weberia.it\/icoone-old\/wp-content\/uploads\/2023\/10\/Aesthetic-New-on-The-Blog-With-Tablet-Mockup-Instagram-Post-1024x1024.png\" alt=\"\" width=\"407\" height=\"407\" \/><\/figure>\r\n\r\n\r\n<hr class=\"wp-block-separator aligncenter has-alpha-channel-opacity is-style-dots\" \/>\r\n\r\n\r\n<div class=\"wp-block-icoone-row-full-text main\">\r\n<section class=\"panel-default\">\r\n<div class=\"container-fluid\">\r\n<div class=\"row w-margin\">\r\n<div class=\"col-sm-12\">\r\n<div class=\"txt\">\r\n<h3><strong><strong>Zupe\u0142nie nowa strona internetowa dla i-Tech<\/strong><\/strong><\/h3>\r\n<p>W i-Tech Industries z przyjemno\u015bci\u0105 prezentujemy nasz\u0105 od\u015bwie\u017con\u0105 to\u017csamo\u015b\u0107, zaprojektowan\u0105 z my\u015bl\u0105 o przejrzysto\u015bci, precyzji i celu.<br \/><br \/>Od prze\u0142omowych bada\u0144 naukowych po najnowocze\u015bniejsze\u00a0<a href=\"https:\/\/www.linkedin.com\/feed\/hashtag\/?keywords=technology&amp;highlightedUpdateUrns=urn%3Ali%3Aactivity%3A7117801913538023424\">technologia<\/a>Nasz oddany zesp\u00f3\u0142 jest na\u00a0<a href=\"https:\/\/www.linkedin.com\/feed\/hashtag\/?keywords=mission&amp;highlightedUpdateUrns=urn%3Ali%3Aactivity%3A7117801913538023424\">misja<\/a>\u00a0aby wywiera\u0107 pozytywny wp\u0142yw i osi\u0105ga\u0107 nowe standardy. Chcemy dzieli\u0107 si\u0119 naszymi\u00a0<a href=\"https:\/\/www.linkedin.com\/feed\/hashtag\/?keywords=vision&amp;highlightedUpdateUrns=urn%3Ali%3Aactivity%3A7117801913538023424\">wizja<\/a>\u00a0i ekscytuj\u0105ce\u00a0<a href=\"https:\/\/www.linkedin.com\/feed\/hashtag\/?keywords=journey&amp;highlightedUpdateUrns=urn%3Ali%3Aactivity%3A7117801913538023424\">podr\u00f3\u017c<\/a>\u00a0jeste\u015bmy na.<br \/><br \/>\u00a0\"\ud835\ude16\ud835\ude36\ud835\ude33 \ud835\ude31\ud835\ude33\ud835\ude2a\ud835\ude2e\ud835\ude22\ud835\ude33\ud835\ude3a \ud835\ude28\ud835\ude30\ud835\ude22\ud835\ude2d \ud835\ude2a\ud835\ude34 \ud835\ude35\ud835\ude30 \ud835\ude22\ud835\ude34\ud835\ude34\ud835\ude2a\ud835\ude34\ud835\ude35 \ud835\ude2a\ud835\ude2f\ud835\ude25\ud835\ude2a\ud835\ude37\ud835\ude2a\ud835\ude25\ud835\ude36\ud835\ude22\ud835\ude2d\ud835\ude34 \ud835\ude2a\ud835\ude2f \ud835\ude22\ud835\ude24\ud835\ude29\ud835\ude2a\ud835\ude26\ud835\ude37\ud835\ude2a\ud835\ude2f\ud835\ude28 \ud835\ude22 \ud835\ude23\ud835\ude22\ud835\ude2d\ud835\ude22\ud835\ude2f\ud835\ude24\ud835\ude26\ud835\ude25 \ud835\ude22\ud835\ude2f\ud835\ude25 \ud835\ude29\ud835\ude26\ud835\ude22\ud835\ude2d\ud835\ude35\ud835\ude29\ud835\ude3a \ud835\ude2d\ud835\ude2a\ud835\ude27\ud835\ude26 \ud835\ude23\ud835\ude3a \ud835\ude31\ud835\ude33\ud835\ude30\ud835\ude37\ud835\ude2a\ud835\ude25\ud835\ude2a\ud835\ude2f\ud835\ude28 \ud835\ude38\ud835\ude2a\ud835\ude35\ud835\ude29 \ud835\ude2a\ud835\ude2f\ud835\ude2f\ud835\ude30\ud835\ude37\ud835\ude22\ud835\ude35\ud835\ude2a\ud835\ude37\ud835\ude26, \ud835\ude2f\ud835\ude30\ud835\ude2f-\ud835\ude2a\ud835\ude2f\ud835\ude37\ud835\ude22\ud835\ude34\ud835\ude2a\ud835\ude37\ud835\ude26 \ud835\ude35\ud835\ude26\ud835\ude24\ud835\ude29\ud835\ude2f\ud835\ude30\ud835\ude2d\ud835\ude30\ud835\ude28\ud835\ude2a\ud835\ude26\ud835\ude34 \ud835\ude35\ud835\ude29\ud835\ude22\ud835\ude35 \ud835\ude30\ud835\ude27\ud835\ude27\ud835\ude26\ud835\ude33 \ud835\ude35\ud835\ude33\ud835\ude26\ud835\ude22\ud835\ude35\ud835\ude2e\ud835\ude26\ud835\ude2f\ud835\ude35\ud835\ude34 \ud835\ude35\ud835\ude30 \ud835\ude26\ud835\ude2f\ud835\ude29\ud835\ude22\ud835\ude2f\ud835\ude24\ud835\ude26 \ud835\ude35\ud835\ude29\ud835\ude26\ud835\ude2a\ud835\ude33 \ud835\ude31\ud835\ude29\ud835\ude3a\ud835\ude34\ud835\ude2a\ud835\ude24\ud835\ude22\ud835\ude2d \ud835\ude22\ud835\ude31\ud835\ude31\ud835\ude26\ud835\ude22\ud835\ude33\ud835\ude22\ud835\ude2f\ud835\ude24\ud835\ude26, \ud835\ude38\ud835\ude26\ud835\ude2d\ud835\ude2d-\ud835\ude23\ud835\ude26\ud835\ude2a\ud835\ude2f\ud835\ude28, \ud835\ude22\ud835\ude2f\ud835\ude25 \ud835\ude35\ud835\ude29\ud835\ude26 \ud835\ude26\ud835\ude27\ud835\ude27\ud835\ude26\ud835\ude24\ud835\ude35\ud835\ude34 \ud835\ude30\ud835\ude27 \ud835\ude22\ud835\ude28\ud835\ude2a\ud835\ude2f\ud835\ude28.\"<br \/><br \/>To w\u0142a\u015bnie znajdziesz na naszej nowej stronie internetowej i-Tech industries:\u00a0<a href=\"https:\/\/www.linkedin.com\/feed\/hashtag\/?keywords=innovation&amp;highlightedUpdateUrns=urn%3Ali%3Aactivity%3A7117801913538023424\">Innowacja<\/a>,\u00a0<a href=\"https:\/\/www.linkedin.com\/feed\/hashtag\/?keywords=education&amp;highlightedUpdateUrns=urn%3Ali%3Aactivity%3A7117801913538023424\">Edukacja<\/a>oraz\u00a0<a href=\"https:\/\/www.linkedin.com\/feed\/hashtag\/?keywords=sustainability&amp;highlightedUpdateUrns=urn%3Ali%3Aactivity%3A7117801913538023424\">Zr\u00f3wnowa\u017cony rozw\u00f3j<\/a>warto\u015bci, kt\u00f3re \u0142\u0105cz\u0105 nasz zesp\u00f3\u0142, nasz\u0105 podstawow\u0105 dzia\u0142alno\u015b\u0107 i sekrety naszych dw\u00f3ch prze\u0142omowych urz\u0105dze\u0144:\u00a0<a href=\"https:\/\/www.linkedin.com\/feed\/hashtag\/?keywords=icoone&amp;highlightedUpdateUrns=urn%3Ali%3Aactivity%3A7117801913538023424\">icoon<\/a>\u00a0oraz\u00a0<a href=\"https:\/\/www.linkedin.com\/feed\/hashtag\/?keywords=bmoove&amp;highlightedUpdateUrns=urn%3Ali%3Aactivity%3A7117801913538023424\">bmoove<\/a>.<br \/><br \/>Jak wida\u0107, ta strona internetowa jest zgodna z misj\u0105 naszej grupy, aby oferowa\u0107 spersonalizowane rozwi\u0105zania oparte na unikalnych potrzebach i pragnieniach ka\u017cdego, zapewniaj\u0105c najlepsze mo\u017cliwe wyniki dla lepszego \u017cycia, ulepszonego\u00a0<a href=\"https:\/\/www.linkedin.com\/feed\/hashtag\/?keywords=beauty&amp;highlightedUpdateUrns=urn%3Ali%3Aactivity%3A7117801913538023424\">pi\u0119kno<\/a>i optymalny\u00a0<a href=\"https:\/\/www.linkedin.com\/feed\/hashtag\/?keywords=health&amp;highlightedUpdateUrns=urn%3Ali%3Aactivity%3A7117801913538023424\">zdrowie<\/a>.<br \/><br \/>Poznaj teraz nasz\u0105 now\u0105 stron\u0119 internetow\u0105\u00a0<a href=\"http:\/\/www.i-techindustries.com\/\">www.i-techindustries.com<\/a>\u00a0<\/p>\r\n<\/div>\r\n<\/div>\r\n<\/div>\r\n<\/div>\r\n<\/section>\r\n<\/div>\r\n\r\n\r\n<hr class=\"wp-block-separator aligncenter has-alpha-channel-opacity is-style-dots\" \/>\r\n\r\n\r\n<div class=\"wp-block-icoone-row-full-text main\">\r\n<section class=\"panel-default\">\r\n<div class=\"container-fluid\">\r\n<div class=\"row w-margin\">\r\n<div class=\"col-sm-12\">\r\n<div class=\"txt\">\r\n<h3><strong><strong>icoone zajmuje centralne miejsce na 26. targach Cosmoprof Asia w Hongkongu<\/strong><\/strong><\/h3>\r\n<p>Z przyjemno\u015bci\u0105 informujemy, \u017ce icoone b\u0119dzie g\u0142\u00f3wn\u0105 atrakcj\u0105 26. edycji targ\u00f3w Cosmoprof Asia, kt\u00f3re powracaj\u0105 do swojej siedziby w Hongkongu.<br \/>Reprezentuj\u0105c i-Tech Industries, b\u0119dziemy uczestniczy\u0107 wraz z naszym kluczowym partnerem, HOYAR, odpowiedzialnym za dystrybucj\u0119 icoone w Chinach, oraz SYL Hong Kong, cz\u0119\u015bci\u0105 The Siyanli Group, odpowiedzialn\u0105 za dystrybucj\u0119 w Hongkongu i Makau.<br \/><br \/>Podczas pierwszego dnia targ\u00f3w, 15 listopada, zostali\u015bmy zaproszeni do udzia\u0142u w \"Cosmo on Stage\", wydarzeniu Cosmoprof Asia, obejmuj\u0105cym dedykowan\u0105 seri\u0119 wydarze\u0144 scenicznych, kt\u00f3rych celem jest prezentacja innowacyjnych produkt\u00f3w. Prezentacja na \u017cywo zatytu\u0142owana \"The Power of Microstimulation\" zapewni wyj\u0105tkow\u0105 okazj\u0119 do zbadania potencja\u0142u mikrostymulacji, umo\u017cliwiaj\u0105c ponad 300 uczestnikom odkrycie icoone, nieinwazyjnego rozwi\u0105zania do estetyki cia\u0142a i twarzy.<br \/><br \/>Andrea Cevenini, kierownik ds. szkole\u0144 w i-Tech, b\u0119dzie towarzyszy\u0142 naszemu dyrektorowi generalnemu, Luca Gualdrini, na scenie, aby zademonstrowa\u0107 zar\u00f3wno zabiegi na cia\u0142o, jak i na twarz. Prezentacja poka\u017ce reaktywacj\u0119 limfatyczn\u0105 ca\u0142ego cia\u0142a wykonywan\u0105 za pomoc\u0105 Robotwins i podkre\u015bli ekskluzywny masa\u017c dwoma r\u0119kami, kt\u00f3ry umo\u017cliwia jednoczesne leczenie wi\u0119kszego obszaru cia\u0142a. Ponadto szczeg\u00f3lny nacisk zostanie po\u0142o\u017cony na ko\u0144c\u00f3wki Robomicro i Robomini do zabieg\u00f3w na twarz, koncentruj\u0105c si\u0119 na delikatnych obszarach, takich jak oczy i usta, w celu poprawy dotlenienia i jako\u015bci sk\u00f3ry.<br \/><br \/>icoone wyr\u00f3\u017cnia si\u0119 jako wyj\u0105tkowe rozwi\u0105zanie, niezr\u00f3wnane w por\u00f3wnaniu z innymi istniej\u0105cymi metodami leczenia.<br \/><br \/>Nie przegap okazji, aby do\u0142\u0105czy\u0107 do nas podczas tego wa\u017cnego wydarzenia, kt\u00f3re zaoferuje nam fantastyczn\u0105 okazj\u0119 do nawi\u0105zania kontaktu z naszymi partnerami i wspierania nowych partnerstw handlowych.<br \/><br \/>B\u0105d\u017a na bie\u017c\u0105co z kolejnymi aktualizacjami!<\/p>\r\n<\/div>\r\n<\/div>\r\n<\/div>\r\n<\/div>\r\n<\/section>\r\n<\/div>\r\n\r\n\r\n\r\n<p>&nbsp;<\/p>\r\n\r\n\r\n\r\n<figure class=\"wp-block-image aligncenter size-large is-resized\"><img loading=\"lazy\" decoding=\"async\" class=\"wp-image-20225\" src=\"https:\/\/weberia.it\/icoone-old\/wp-content\/uploads\/2023\/10\/cosmoprof-2023-1024x538.jpg\" alt=\"\" width=\"693\" height=\"364\" \/><\/figure>","protected":false},"excerpt":{"rendered":"<p>&nbsp;<\/p>","protected":false},"author":2,"featured_media":20239,"comment_status":"closed","ping_status":"closed","sticky":false,"template":"","format":"standard","meta":{"content-type":"","footnotes":""},"categories":[1,8],"tags":[],"class_list":{"0":"post-20188","1":"post","2":"type-post","3":"status-publish","4":"format-standard","5":"has-post-thumbnail","7":"category-news","8":"category-notizie"},"yoast_head":"<!-- This site is optimized with the Yoast SEO plugin v27.5 - https:\/\/yoast.com\/product\/yoast-seo-wordpress\/ -->\n<title>Bulletin Board | i-Tech corporate magazine<\/title>\n<meta name=\"description\" content=\"September and October have been a months of remarkable events for icoone, with the brand making significant waves across various states...\" \/>\n<meta name=\"robots\" content=\"index, follow, max-snippet:-1, max-image-preview:large, max-video-preview:-1\" \/>\n<link rel=\"canonical\" href=\"https:\/\/icoone.com\/pl\/tablica-ogloszen-i-tech-exclusive-magazyn-korporacyjny-wrzesien-pazdziernik\/\" \/>\n<meta property=\"og:locale\" content=\"pl_PL\" \/>\n<meta property=\"og:type\" content=\"article\" \/>\n<meta property=\"og:title\" content=\"Bulletin Board | i-Tech corporate magazine\" \/>\n<meta property=\"og:description\" content=\"September and October have been a months of remarkable events for icoone, with the brand making significant waves across various states...\" \/>\n<meta property=\"og:url\" content=\"https:\/\/icoone.com\/pl\/tablica-ogloszen-i-tech-exclusive-magazyn-korporacyjny-wrzesien-pazdziernik\/\" \/>\n<meta property=\"og:site_name\" content=\"icoone\" \/>\n<meta property=\"article:publisher\" content=\"https:\/\/www.facebook.com\/icooneww\/\" \/>\n<meta property=\"article:published_time\" content=\"2023-10-31T11:08:02+00:00\" \/>\n<meta property=\"article:modified_time\" content=\"2025-05-21T15:48:16+00:00\" \/>\n<meta property=\"og:image\" content=\"https:\/\/icoone.com\/wp-content\/uploads\/2023\/10\/1440x500.jpg\" \/>\n\t<meta property=\"og:image:width\" content=\"1440\" \/>\n\t<meta property=\"og:image:height\" content=\"500\" \/>\n\t<meta property=\"og:image:type\" content=\"image\/jpeg\" \/>\n<meta name=\"author\" content=\"marketing-export\" \/>\n<meta name=\"twitter:card\" content=\"summary_large_image\" \/>\n<meta name=\"twitter:label1\" content=\"Napisane przez\" \/>\n\t<meta name=\"twitter:data1\" content=\"marketing-export\" \/>\n\t<meta name=\"twitter:label2\" content=\"Szacowany czas czytania\" \/>\n\t<meta name=\"twitter:data2\" content=\"9 minut\" \/>\n<script type=\"application\/ld+json\" class=\"yoast-schema-graph\">{\"@context\":\"https:\\\/\\\/schema.org\",\"@graph\":[{\"@type\":\"Article\",\"@id\":\"https:\\\/\\\/icoone.com\\\/bulletin-board-i-tech-exclusive-corporate-magazine-september-october\\\/#article\",\"isPartOf\":{\"@id\":\"https:\\\/\\\/icoone.com\\\/bulletin-board-i-tech-exclusive-corporate-magazine-september-october\\\/\"},\"author\":{\"name\":\"marketing-export\",\"@id\":\"https:\\\/\\\/icoone.com\\\/#\\\/schema\\\/person\\\/ef6c9939b169b44bd15781547065e198\"},\"headline\":\"Bulletin Board &#8211; i-Tech exclusive corporate magazine\",\"datePublished\":\"2023-10-31T11:08:02+00:00\",\"dateModified\":\"2025-05-21T15:48:16+00:00\",\"mainEntityOfPage\":{\"@id\":\"https:\\\/\\\/icoone.com\\\/bulletin-board-i-tech-exclusive-corporate-magazine-september-october\\\/\"},\"wordCount\":1417,\"publisher\":{\"@id\":\"https:\\\/\\\/icoone.com\\\/#organization\"},\"image\":{\"@id\":\"https:\\\/\\\/icoone.com\\\/bulletin-board-i-tech-exclusive-corporate-magazine-september-october\\\/#primaryimage\"},\"thumbnailUrl\":\"https:\\\/\\\/icoone.com\\\/wp-content\\\/uploads\\\/2023\\\/10\\\/1440x500.jpg\",\"articleSection\":[\"News\",\"Notizie\"],\"inLanguage\":\"pl-PL\"},{\"@type\":\"WebPage\",\"@id\":\"https:\\\/\\\/icoone.com\\\/bulletin-board-i-tech-exclusive-corporate-magazine-september-october\\\/\",\"url\":\"https:\\\/\\\/icoone.com\\\/bulletin-board-i-tech-exclusive-corporate-magazine-september-october\\\/\",\"name\":\"Bulletin Board | i-Tech corporate magazine\",\"isPartOf\":{\"@id\":\"https:\\\/\\\/icoone.com\\\/#website\"},\"primaryImageOfPage\":{\"@id\":\"https:\\\/\\\/icoone.com\\\/bulletin-board-i-tech-exclusive-corporate-magazine-september-october\\\/#primaryimage\"},\"image\":{\"@id\":\"https:\\\/\\\/icoone.com\\\/bulletin-board-i-tech-exclusive-corporate-magazine-september-october\\\/#primaryimage\"},\"thumbnailUrl\":\"https:\\\/\\\/icoone.com\\\/wp-content\\\/uploads\\\/2023\\\/10\\\/1440x500.jpg\",\"datePublished\":\"2023-10-31T11:08:02+00:00\",\"dateModified\":\"2025-05-21T15:48:16+00:00\",\"description\":\"September and October have been a months of remarkable events for icoone, with the brand making significant waves across various states...\",\"breadcrumb\":{\"@id\":\"https:\\\/\\\/icoone.com\\\/bulletin-board-i-tech-exclusive-corporate-magazine-september-october\\\/#breadcrumb\"},\"inLanguage\":\"pl-PL\",\"potentialAction\":[{\"@type\":\"ReadAction\",\"target\":[\"https:\\\/\\\/icoone.com\\\/bulletin-board-i-tech-exclusive-corporate-magazine-september-october\\\/\"]}]},{\"@type\":\"ImageObject\",\"inLanguage\":\"pl-PL\",\"@id\":\"https:\\\/\\\/icoone.com\\\/bulletin-board-i-tech-exclusive-corporate-magazine-september-october\\\/#primaryimage\",\"url\":\"https:\\\/\\\/icoone.com\\\/wp-content\\\/uploads\\\/2023\\\/10\\\/1440x500.jpg\",\"contentUrl\":\"https:\\\/\\\/icoone.com\\\/wp-content\\\/uploads\\\/2023\\\/10\\\/1440x500.jpg\",\"width\":1440,\"height\":500},{\"@type\":\"BreadcrumbList\",\"@id\":\"https:\\\/\\\/icoone.com\\\/bulletin-board-i-tech-exclusive-corporate-magazine-september-october\\\/#breadcrumb\",\"itemListElement\":[{\"@type\":\"ListItem\",\"position\":1,\"name\":\"Home\",\"item\":\"https:\\\/\\\/icoone.com\\\/\"},{\"@type\":\"ListItem\",\"position\":2,\"name\":\"Bulletin Board &#8211; i-Tech exclusive corporate magazine\"}]},{\"@type\":\"WebSite\",\"@id\":\"https:\\\/\\\/icoone.com\\\/#website\",\"url\":\"https:\\\/\\\/icoone.com\\\/\",\"name\":\"icoone\",\"description\":\"\",\"publisher\":{\"@id\":\"https:\\\/\\\/icoone.com\\\/#organization\"},\"potentialAction\":[{\"@type\":\"SearchAction\",\"target\":{\"@type\":\"EntryPoint\",\"urlTemplate\":\"https:\\\/\\\/icoone.com\\\/?s={search_term_string}\"},\"query-input\":{\"@type\":\"PropertyValueSpecification\",\"valueRequired\":true,\"valueName\":\"search_term_string\"}}],\"inLanguage\":\"pl-PL\"},{\"@type\":\"Organization\",\"@id\":\"https:\\\/\\\/icoone.com\\\/#organization\",\"name\":\"icoone\",\"url\":\"https:\\\/\\\/icoone.com\\\/\",\"logo\":{\"@type\":\"ImageObject\",\"inLanguage\":\"pl-PL\",\"@id\":\"https:\\\/\\\/icoone.com\\\/#\\\/schema\\\/logo\\\/image\\\/\",\"url\":\"https:\\\/\\\/icoone.com\\\/wp-content\\\/uploads\\\/2025\\\/01\\\/cropped-logo-icoone-main-2.png\",\"contentUrl\":\"https:\\\/\\\/icoone.com\\\/wp-content\\\/uploads\\\/2025\\\/01\\\/cropped-logo-icoone-main-2.png\",\"width\":512,\"height\":512,\"caption\":\"icoone\"},\"image\":{\"@id\":\"https:\\\/\\\/icoone.com\\\/#\\\/schema\\\/logo\\\/image\\\/\"},\"sameAs\":[\"https:\\\/\\\/www.facebook.com\\\/icooneww\\\/\",\"https:\\\/\\\/www.linkedin.com\\\/company\\\/i-tech-industries-srl\\\/\",\"https:\\\/\\\/www.instagram.com\\\/icoone_ww\\\/\"]},{\"@type\":\"Person\",\"@id\":\"https:\\\/\\\/icoone.com\\\/#\\\/schema\\\/person\\\/ef6c9939b169b44bd15781547065e198\",\"name\":\"marketing-export\",\"image\":{\"@type\":\"ImageObject\",\"inLanguage\":\"pl-PL\",\"@id\":\"https:\\\/\\\/secure.gravatar.com\\\/avatar\\\/fefa0cd4b693c647b3bbed1dc6ccc21a2d91e49e98918a0b35502b30fecfe76f?s=96&d=mm&r=g\",\"url\":\"https:\\\/\\\/secure.gravatar.com\\\/avatar\\\/fefa0cd4b693c647b3bbed1dc6ccc21a2d91e49e98918a0b35502b30fecfe76f?s=96&d=mm&r=g\",\"contentUrl\":\"https:\\\/\\\/secure.gravatar.com\\\/avatar\\\/fefa0cd4b693c647b3bbed1dc6ccc21a2d91e49e98918a0b35502b30fecfe76f?s=96&d=mm&r=g\",\"caption\":\"marketing-export\"},\"url\":\"https:\\\/\\\/icoone.com\\\/pl\\\/author\\\/marketing-export\\\/\"}]}<\/script>\n<!-- \/ Yoast SEO plugin. -->","yoast_head_json":{"title":"Tablica og\u0142osze\u0144 | Magazyn korporacyjny i-Tech","description":"Wrzesie\u0144 i pa\u017adziernik by\u0142y dla icoone miesi\u0105cami niezwyk\u0142ych wydarze\u0144, w kt\u00f3rych marka odbi\u0142a si\u0119 szerokim echem w r\u00f3\u017cnych...","robots":{"index":"index","follow":"follow","max-snippet":"max-snippet:-1","max-image-preview":"max-image-preview:large","max-video-preview":"max-video-preview:-1"},"canonical":"https:\/\/icoone.com\/pl\/tablica-ogloszen-i-tech-exclusive-magazyn-korporacyjny-wrzesien-pazdziernik\/","og_locale":"pl_PL","og_type":"article","og_title":"Bulletin Board | i-Tech corporate magazine","og_description":"September and October have been a months of remarkable events for icoone, with the brand making significant waves across various states...","og_url":"https:\/\/icoone.com\/pl\/tablica-ogloszen-i-tech-exclusive-magazyn-korporacyjny-wrzesien-pazdziernik\/","og_site_name":"icoone","article_publisher":"https:\/\/www.facebook.com\/icooneww\/","article_published_time":"2023-10-31T11:08:02+00:00","article_modified_time":"2025-05-21T15:48:16+00:00","og_image":[{"width":1440,"height":500,"url":"https:\/\/icoone.com\/wp-content\/uploads\/2023\/10\/1440x500.jpg","type":"image\/jpeg"}],"author":"marketing-export","twitter_card":"summary_large_image","twitter_misc":{"Napisane przez":"marketing-export","Szacowany czas czytania":"9 minut"},"schema":{"@context":"https:\/\/schema.org","@graph":[{"@type":"Article","@id":"https:\/\/icoone.com\/bulletin-board-i-tech-exclusive-corporate-magazine-september-october\/#article","isPartOf":{"@id":"https:\/\/icoone.com\/bulletin-board-i-tech-exclusive-corporate-magazine-september-october\/"},"author":{"name":"marketing-export","@id":"https:\/\/icoone.com\/#\/schema\/person\/ef6c9939b169b44bd15781547065e198"},"headline":"Bulletin Board &#8211; i-Tech exclusive corporate magazine","datePublished":"2023-10-31T11:08:02+00:00","dateModified":"2025-05-21T15:48:16+00:00","mainEntityOfPage":{"@id":"https:\/\/icoone.com\/bulletin-board-i-tech-exclusive-corporate-magazine-september-october\/"},"wordCount":1417,"publisher":{"@id":"https:\/\/icoone.com\/#organization"},"image":{"@id":"https:\/\/icoone.com\/bulletin-board-i-tech-exclusive-corporate-magazine-september-october\/#primaryimage"},"thumbnailUrl":"https:\/\/icoone.com\/wp-content\/uploads\/2023\/10\/1440x500.jpg","articleSection":["News","Notizie"],"inLanguage":"pl-PL"},{"@type":"WebPage","@id":"https:\/\/icoone.com\/bulletin-board-i-tech-exclusive-corporate-magazine-september-october\/","url":"https:\/\/icoone.com\/bulletin-board-i-tech-exclusive-corporate-magazine-september-october\/","name":"Tablica og\u0142osze\u0144 | Magazyn korporacyjny i-Tech","isPartOf":{"@id":"https:\/\/icoone.com\/#website"},"primaryImageOfPage":{"@id":"https:\/\/icoone.com\/bulletin-board-i-tech-exclusive-corporate-magazine-september-october\/#primaryimage"},"image":{"@id":"https:\/\/icoone.com\/bulletin-board-i-tech-exclusive-corporate-magazine-september-october\/#primaryimage"},"thumbnailUrl":"https:\/\/icoone.com\/wp-content\/uploads\/2023\/10\/1440x500.jpg","datePublished":"2023-10-31T11:08:02+00:00","dateModified":"2025-05-21T15:48:16+00:00","description":"Wrzesie\u0144 i pa\u017adziernik by\u0142y dla icoone miesi\u0105cami niezwyk\u0142ych wydarze\u0144, w kt\u00f3rych marka odbi\u0142a si\u0119 szerokim echem w r\u00f3\u017cnych...","breadcrumb":{"@id":"https:\/\/icoone.com\/bulletin-board-i-tech-exclusive-corporate-magazine-september-october\/#breadcrumb"},"inLanguage":"pl-PL","potentialAction":[{"@type":"ReadAction","target":["https:\/\/icoone.com\/bulletin-board-i-tech-exclusive-corporate-magazine-september-october\/"]}]},{"@type":"ImageObject","inLanguage":"pl-PL","@id":"https:\/\/icoone.com\/bulletin-board-i-tech-exclusive-corporate-magazine-september-october\/#primaryimage","url":"https:\/\/icoone.com\/wp-content\/uploads\/2023\/10\/1440x500.jpg","contentUrl":"https:\/\/icoone.com\/wp-content\/uploads\/2023\/10\/1440x500.jpg","width":1440,"height":500},{"@type":"BreadcrumbList","@id":"https:\/\/icoone.com\/bulletin-board-i-tech-exclusive-corporate-magazine-september-october\/#breadcrumb","itemListElement":[{"@type":"ListItem","position":1,"name":"Home","item":"https:\/\/icoone.com\/"},{"@type":"ListItem","position":2,"name":"Bulletin Board &#8211; i-Tech exclusive corporate magazine"}]},{"@type":"WebSite","@id":"https:\/\/icoone.com\/#website","url":"https:\/\/icoone.com\/","name":"icoon","description":"","publisher":{"@id":"https:\/\/icoone.com\/#organization"},"potentialAction":[{"@type":"SearchAction","target":{"@type":"EntryPoint","urlTemplate":"https:\/\/icoone.com\/?s={search_term_string}"},"query-input":{"@type":"PropertyValueSpecification","valueRequired":true,"valueName":"search_term_string"}}],"inLanguage":"pl-PL"},{"@type":"Organization","@id":"https:\/\/icoone.com\/#organization","name":"icoon","url":"https:\/\/icoone.com\/","logo":{"@type":"ImageObject","inLanguage":"pl-PL","@id":"https:\/\/icoone.com\/#\/schema\/logo\/image\/","url":"https:\/\/icoone.com\/wp-content\/uploads\/2025\/01\/cropped-logo-icoone-main-2.png","contentUrl":"https:\/\/icoone.com\/wp-content\/uploads\/2025\/01\/cropped-logo-icoone-main-2.png","width":512,"height":512,"caption":"icoone"},"image":{"@id":"https:\/\/icoone.com\/#\/schema\/logo\/image\/"},"sameAs":["https:\/\/www.facebook.com\/icooneww\/","https:\/\/www.linkedin.com\/company\/i-tech-industries-srl\/","https:\/\/www.instagram.com\/icoone_ww\/"]},{"@type":"Person","@id":"https:\/\/icoone.com\/#\/schema\/person\/ef6c9939b169b44bd15781547065e198","name":"marketing-eksport","image":{"@type":"ImageObject","inLanguage":"pl-PL","@id":"https:\/\/secure.gravatar.com\/avatar\/fefa0cd4b693c647b3bbed1dc6ccc21a2d91e49e98918a0b35502b30fecfe76f?s=96&d=mm&r=g","url":"https:\/\/secure.gravatar.com\/avatar\/fefa0cd4b693c647b3bbed1dc6ccc21a2d91e49e98918a0b35502b30fecfe76f?s=96&d=mm&r=g","contentUrl":"https:\/\/secure.gravatar.com\/avatar\/fefa0cd4b693c647b3bbed1dc6ccc21a2d91e49e98918a0b35502b30fecfe76f?s=96&d=mm&r=g","caption":"marketing-export"},"url":"https:\/\/icoone.com\/pl\/author\/marketing-export\/"}]}},"_links":{"self":[{"href":"https:\/\/icoone.com\/pl\/wp-json\/wp\/v2\/posts\/20188","targetHints":{"allow":["GET"]}}],"collection":[{"href":"https:\/\/icoone.com\/pl\/wp-json\/wp\/v2\/posts"}],"about":[{"href":"https:\/\/icoone.com\/pl\/wp-json\/wp\/v2\/types\/post"}],"author":[{"embeddable":true,"href":"https:\/\/icoone.com\/pl\/wp-json\/wp\/v2\/users\/2"}],"replies":[{"embeddable":true,"href":"https:\/\/icoone.com\/pl\/wp-json\/wp\/v2\/comments?post=20188"}],"version-history":[{"count":2,"href":"https:\/\/icoone.com\/pl\/wp-json\/wp\/v2\/posts\/20188\/revisions"}],"predecessor-version":[{"id":25747,"href":"https:\/\/icoone.com\/pl\/wp-json\/wp\/v2\/posts\/20188\/revisions\/25747"}],"wp:featuredmedia":[{"embeddable":true,"href":"https:\/\/icoone.com\/pl\/wp-json\/wp\/v2\/media\/20239"}],"wp:attachment":[{"href":"https:\/\/icoone.com\/pl\/wp-json\/wp\/v2\/media?parent=20188"}],"wp:term":[{"taxonomy":"category","embeddable":true,"href":"https:\/\/icoone.com\/pl\/wp-json\/wp\/v2\/categories?post=20188"},{"taxonomy":"post_tag","embeddable":true,"href":"https:\/\/icoone.com\/pl\/wp-json\/wp\/v2\/tags?post=20188"}],"curies":[{"name":"wp","href":"https:\/\/api.w.org\/{rel}","templated":true}]}}